{"id":21947,"date":"2026-02-16T18:37:39","date_gmt":"2026-02-16T17:37:39","guid":{"rendered":"https:\/\/agora.xtec.cat\/esc-renaixencahostalets\/?p=21947"},"modified":"2026-02-16T18:37:48","modified_gmt":"2026-02-16T17:37:48","slug":"p5-apren-educacio-viaria-al-pati-de-lescola","status":"publish","type":"post","link":"https:\/\/agora.xtec.cat\/esc-renaixencahostalets\/general\/p5-apren-educacio-viaria-al-pati-de-lescola\/","title":{"rendered":"P5 apr\u00e8n educaci\u00f3 vi\u00e0ria al pati de l\u2019escola\u00a0"},"content":{"rendered":"<p>El passat dilluns 9 de febrer, l\u2019alumnat de P5 va gaudir d\u2019una jornada d\u2019activitats amb bicicleta al pati de l\u2019IE Renaixen\u00e7a, durant la sessi\u00f3 d\u2019educaci\u00f3 f\u00edsica. L\u2019activitat es va dur a terme seguint les indicacions i recomanacions dels vigilants municipals dels\u00a0Hostalets de Pierola, que van orientar els infants en aspectes relacionats amb la seguretat i la circulaci\u00f3 responsable. Aquesta proposta ha estat possible gr\u00e0cies a la col\u00b7laboraci\u00f3 entre el centre i l\u2019Ajuntament dels Hostalets de Pierola.<\/p>\n<p>La jornada s\u2019emmarca dins la situaci\u00f3 d\u2019aprenentatge d\u2019educaci\u00f3 f\u00edsica titulada \u201cSobre rodes\u201d, a trav\u00e9s de la qual l\u2019alumnat treballa la dosificaci\u00f3 de l\u2019esfor\u00e7 segons les seves possibilitats, la utilitzaci\u00f3 adequada de les marxes i els frens, el manteniment de l\u2019equilibri sobre la bicicleta i la import\u00e0ncia de portar sempre el casc. Tamb\u00e9 es fomenta l\u2019\u00fas responsable dels materials i dels espais, el respecte per les normes i la participaci\u00f3 activa, posant en pr\u00e0ctica els aprenentatges adquirits pr\u00e8viament.\u00a0Va ser una experi\u00e8ncia molt enriquidora que va permetre a l&#8217;alumnat continuar avan\u00e7ant en la seguretat vi\u00e0ria, tot gaudint d\u2019una estona d\u2019activitat f\u00edsica a l\u2019aire lliure.<\/p>\n<p><img loading=\"lazy\" decoding=\"async\" class=\"aligncenter size-full wp-image-21948\" src=\"https:\/\/agora.xtec.cat\/esc-renaixencahostalets\/wp-content\/uploads\/usu1823\/2026\/02\/Sobre-rodes.png\" alt=\"\" width=\"1333\" height=\"2000\" srcset=\"https:\/\/agora.xtec.cat\/esc-renaixencahostalets\/wp-content\/uploads\/usu1823\/2026\/02\/Sobre-rodes.png 1333w, https:\/\/agora.xtec.cat\/esc-renaixencahostalets\/wp-content\/uploads\/usu1823\/2026\/02\/Sobre-rodes-200x300.png 200w, https:\/\/agora.xtec.cat\/esc-renaixencahostalets\/wp-content\/uploads\/usu1823\/2026\/02\/Sobre-rodes-682x1024.png 682w, https:\/\/agora.xtec.cat\/esc-renaixencahostalets\/wp-content\/uploads\/usu1823\/2026\/02\/Sobre-rodes-768x1152.png 768w, https:\/\/agora.xtec.cat\/esc-renaixencahostalets\/wp-content\/uploads\/usu1823\/2026\/02\/Sobre-rodes-1024x1536.png 1024w\" sizes=\"auto, (max-width: 1333px) 100vw, 1333px\" \/><\/p>\n","protected":false},"excerpt":{"rendered":"<p>L\u2019alumnat de P5 de l\u2019IE Renaixen\u00e7a ha participat en una jornada de bicicleta amb el suport dels vigilants municipals dels Hostalets de Pierola per treballar autonomia i seguretat vi\u00e0ria.&hellip;  <a href=\"https:\/\/agora.xtec.cat\/esc-renaixencahostalets\/general\/p5-apren-educacio-viaria-al-pati-de-lescola\/\" title=\"Read P5 apr\u00e8n educaci\u00f3 vi\u00e0ria al pati de l\u2019escola\u00a0\">Llegeix m\u00e9s\u00bb<\/a><\/p>\n","protected":false},"author":26,"featured_media":21949,"comment_status":"closed","ping_status":"closed","sticky":false,"template":"","format":"standard","meta":{"_bbp_topic_count":0,"_bbp_reply_count":0,"_bbp_total_topic_count":0,"_bbp_total_reply_count":0,"_bbp_voice_count":0,"_bbp_anonymous_reply_count":0,"_bbp_topic_count_hidden":0,"_bbp_reply_count_hidden":0,"_bbp_forum_subforum_count":0,"footnotes":""},"categories":[154,1],"tags":[],"class_list":["post-21947","post","type-post","status-publish","format-standard","has-post-thumbnail","hentry","category-educacio-fisica","category-general"],"post_mailing_queue_ids":[],"_links":{"self":[{"href":"https:\/\/agora.xtec.cat\/esc-renaixencahostalets\/wp-json\/wp\/v2\/posts\/21947","targetHints":{"allow":["GET"]}}],"collection":[{"href":"https:\/\/agora.xtec.cat\/esc-renaixencahostalets\/wp-json\/wp\/v2\/posts"}],"about":[{"href":"https:\/\/agora.xtec.cat\/esc-renaixencahostalets\/wp-json\/wp\/v2\/types\/post"}],"author":[{"embeddable":true,"href":"https:\/\/agora.xtec.cat\/esc-renaixencahostalets\/wp-json\/wp\/v2\/users\/26"}],"replies":[{"embeddable":true,"href":"https:\/\/agora.xtec.cat\/esc-renaixencahostalets\/wp-json\/wp\/v2\/comments?post=21947"}],"version-history":[{"count":1,"href":"https:\/\/agora.xtec.cat\/esc-renaixencahostalets\/wp-json\/wp\/v2\/posts\/21947\/revisions"}],"predecessor-version":[{"id":21950,"href":"https:\/\/agora.xtec.cat\/esc-renaixencahostalets\/wp-json\/wp\/v2\/posts\/21947\/revisions\/21950"}],"wp:featuredmedia":[{"embeddable":true,"href":"https:\/\/agora.xtec.cat\/esc-renaixencahostalets\/wp-json\/wp\/v2\/media\/21949"}],"wp:attachment":[{"href":"https:\/\/agora.xtec.cat\/esc-renaixencahostalets\/wp-json\/wp\/v2\/media?parent=21947"}],"wp:term":[{"taxonomy":"category","embeddable":true,"href":"https:\/\/agora.xtec.cat\/esc-renaixencahostalets\/wp-json\/wp\/v2\/categories?post=21947"},{"taxonomy":"post_tag","embeddable":true,"href":"https:\/\/agora.xtec.cat\/esc-renaixencahostalets\/wp-json\/wp\/v2\/tags?post=21947"}],"curies":[{"name":"wp","href":"https:\/\/api.w.org\/{rel}","templated":true}]}}