{"id":21891,"date":"2026-01-16T16:43:04","date_gmt":"2026-01-16T15:43:04","guid":{"rendered":"https:\/\/agora.xtec.cat\/esc-renaixencahostalets\/?p=21891"},"modified":"2026-01-16T08:03:42","modified_gmt":"2026-01-16T07:03:42","slug":"lie-renaixenca-participa-en-el-programa-de-suport-vital-basic-als-centres-educatius","status":"publish","type":"post","link":"https:\/\/agora.xtec.cat\/esc-renaixencahostalets\/general\/lie-renaixenca-participa-en-el-programa-de-suport-vital-basic-als-centres-educatius\/","title":{"rendered":"L\u2019IE Renaixen\u00e7a participa en el programa de Suport Vital B\u00e0sic als Centres Educatius"},"content":{"rendered":"<p data-start=\"249\" data-end=\"652\">L\u2019alumnat de primer i tercer de prim\u00e0ria de l\u2019IE Renaixen\u00e7a participa en el programa educatiu \u201cSuport Vital B\u00e0sic als Centres Educatius\u201d durant les sessions d\u2019educaci\u00f3 f\u00edsica d&#8217;aquest segon trimestre. Es tracta d\u2019una iniciativa impulsada pel Departament d\u2019Educaci\u00f3 que t\u00e9 com a objectiu introduir progressivament els infants en els coneixements b\u00e0sics per saber com actuar davant d\u2019una emerg\u00e8ncia vital.<\/p>\n<p data-start=\"654\" data-end=\"1277\">El programa est\u00e0 pensat perqu\u00e8 l\u2019alumnat adquireixi, de manera gradual i adaptada a la seva edat, continguts te\u00f2rics i pr\u00e0ctics relacionats amb el suport vital b\u00e0sic. A primer de prim\u00e0ria, els infants s\u2019inicien en conceptes molt b\u00e0sics, com ara recon\u00e8ixer una situaci\u00f3 d\u2019emerg\u00e8ncia, saber que el tel\u00e8fon d\u2019emerg\u00e8ncies \u00e9s el 112 i aprendre la import\u00e0ncia de saber dir correctament la seva adre\u00e7a. A tercer de prim\u00e0ria, l\u2019alumnat consolida aquests aprenentatges i incorpora nous continguts, com la posici\u00f3 lateral de seguretat, aprofundint en com ajudar de manera segura fins que arriben els serveis d\u2019emerg\u00e8ncia.<\/p>\n<p data-start=\"1279\" data-end=\"1764\">Les sessions s\u00f3n condu\u00efdes pel professorat del centre format en Suport Vital B\u00e0sic pel Consell Catal\u00e0 de Ressuscitaci\u00f3, i es desenvolupen a trav\u00e9s d\u2019activitats pr\u00e0ctiques i vivencials que afavoreixen la participaci\u00f3 activa dels alumnes. A cada cicle educatiu s\u2019hi van afegint nous sabers amb l\u2019objectiu que, al llarg de tota l\u2019etapa escolar, els infants vagin adquirint eines que els permetin actuar amb responsabilitat i seguretat davant d\u2019una possible aturada cardiorespirat\u00f2ria.<\/p>\n<p data-start=\"1766\" data-end=\"2093\">Des de l\u2019escola, valorem molt positivament aquesta experi\u00e8ncia, ja que contribueix a formar ciutadans conscienciats, solidaris i preparats per reaccionar amb rapidesa en situacions d\u2019emerg\u00e8ncia.\u00a0Podeu trobar m\u00e9s informaci\u00f3 sobre el programa en <a href=\"https:\/\/sites.google.com\/xtec.cat\/recursoscompartits\/suport-vital-b%C3%A0sic\/svb-2025-2026?authuser=0\">aquesta p\u00e0gina web<\/a> del CRP de l&#8217;Anoia i al web del Departament d\u2019Educaci\u00f3:<br \/>\n<a class=\"decorated-link\" href=\"https:\/\/xtec.gencat.cat\/ca\/comunitat\/salutescola\/suport-vital-als-centres-educatius\/caracteristiques\/?utm_source=chatgpt.com\" target=\"_new\" rel=\"noopener\" data-start=\"2179\" data-end=\"2280\">https:\/\/xtec.gencat.cat\/ca\/comunitat\/salutescola\/suport-vital-als-centres-educatius\/caracteristiques\/<\/a><\/p>\n<p data-start=\"1766\" data-end=\"2093\"><img loading=\"lazy\" decoding=\"async\" class=\"aligncenter size-full wp-image-21893\" src=\"https:\/\/agora.xtec.cat\/esc-renaixencahostalets\/wp-content\/uploads\/usu1823\/2026\/01\/svbbbb.png\" alt=\"\" width=\"1091\" height=\"257\" srcset=\"https:\/\/agora.xtec.cat\/esc-renaixencahostalets\/wp-content\/uploads\/usu1823\/2026\/01\/svbbbb.png 1091w, https:\/\/agora.xtec.cat\/esc-renaixencahostalets\/wp-content\/uploads\/usu1823\/2026\/01\/svbbbb-300x71.png 300w, https:\/\/agora.xtec.cat\/esc-renaixencahostalets\/wp-content\/uploads\/usu1823\/2026\/01\/svbbbb-1024x241.png 1024w, https:\/\/agora.xtec.cat\/esc-renaixencahostalets\/wp-content\/uploads\/usu1823\/2026\/01\/svbbbb-768x181.png 768w\" sizes=\"auto, (max-width: 1091px) 100vw, 1091px\" \/><\/p>\n","protected":false},"excerpt":{"rendered":"<p>L\u2019alumnat de P1 i P3 de l\u2019IE Renaixen\u00e7a participa en el programa Suport Vital B\u00e0sic als Centres Educatius durant les sessions d\u2019educaci\u00f3 f\u00edsica. A trav\u00e9s d\u2019activitats adaptades a l\u2019edat, aprenen com actuar davant d\u2019una emerg\u00e8ncia vital.&hellip;  <a href=\"https:\/\/agora.xtec.cat\/esc-renaixencahostalets\/general\/lie-renaixenca-participa-en-el-programa-de-suport-vital-basic-als-centres-educatius\/\" title=\"Read L\u2019IE Renaixen\u00e7a participa en el programa de Suport Vital B\u00e0sic als Centres Educatius\">Llegeix m\u00e9s\u00bb<\/a><\/p>\n","protected":false},"author":26,"featured_media":21892,"comment_status":"closed","ping_status":"closed","sticky":false,"template":"","format":"standard","meta":{"_bbp_topic_count":0,"_bbp_reply_count":0,"_bbp_total_topic_count":0,"_bbp_total_reply_count":0,"_bbp_voice_count":0,"_bbp_anonymous_reply_count":0,"_bbp_topic_count_hidden":0,"_bbp_reply_count_hidden":0,"_bbp_forum_subforum_count":0,"footnotes":""},"categories":[154,1,103],"tags":[],"class_list":["post-21891","post","type-post","status-publish","format-standard","has-post-thumbnail","hentry","category-educacio-fisica","category-general","category-salut"],"post_mailing_queue_ids":[],"_links":{"self":[{"href":"https:\/\/agora.xtec.cat\/esc-renaixencahostalets\/wp-json\/wp\/v2\/posts\/21891","targetHints":{"allow":["GET"]}}],"collection":[{"href":"https:\/\/agora.xtec.cat\/esc-renaixencahostalets\/wp-json\/wp\/v2\/posts"}],"about":[{"href":"https:\/\/agora.xtec.cat\/esc-renaixencahostalets\/wp-json\/wp\/v2\/types\/post"}],"author":[{"embeddable":true,"href":"https:\/\/agora.xtec.cat\/esc-renaixencahostalets\/wp-json\/wp\/v2\/users\/26"}],"replies":[{"embeddable":true,"href":"https:\/\/agora.xtec.cat\/esc-renaixencahostalets\/wp-json\/wp\/v2\/comments?post=21891"}],"version-history":[{"count":2,"href":"https:\/\/agora.xtec.cat\/esc-renaixencahostalets\/wp-json\/wp\/v2\/posts\/21891\/revisions"}],"predecessor-version":[{"id":21895,"href":"https:\/\/agora.xtec.cat\/esc-renaixencahostalets\/wp-json\/wp\/v2\/posts\/21891\/revisions\/21895"}],"wp:featuredmedia":[{"embeddable":true,"href":"https:\/\/agora.xtec.cat\/esc-renaixencahostalets\/wp-json\/wp\/v2\/media\/21892"}],"wp:attachment":[{"href":"https:\/\/agora.xtec.cat\/esc-renaixencahostalets\/wp-json\/wp\/v2\/media?parent=21891"}],"wp:term":[{"taxonomy":"category","embeddable":true,"href":"https:\/\/agora.xtec.cat\/esc-renaixencahostalets\/wp-json\/wp\/v2\/categories?post=21891"},{"taxonomy":"post_tag","embeddable":true,"href":"https:\/\/agora.xtec.cat\/esc-renaixencahostalets\/wp-json\/wp\/v2\/tags?post=21891"}],"curies":[{"name":"wp","href":"https:\/\/api.w.org\/{rel}","templated":true}]}}