{"id":21885,"date":"2026-01-11T08:47:31","date_gmt":"2026-01-11T07:47:31","guid":{"rendered":"https:\/\/agora.xtec.cat\/esc-renaixencahostalets\/?p=21885"},"modified":"2026-01-10T21:55:54","modified_gmt":"2026-01-10T20:55:54","slug":"esbarjos-actius-i-diversos-a-letapa-deducacio-primaria","status":"publish","type":"post","link":"https:\/\/agora.xtec.cat\/esc-renaixencahostalets\/general\/esbarjos-actius-i-diversos-a-letapa-deducacio-primaria\/","title":{"rendered":"Esbarjos actius i diversos a l&#8217;etapa d&#8217;educaci\u00f3 prim\u00e0ria"},"content":{"rendered":"<p>Per fomentar un estil de vida actiu, variat, divertit i saludable entre l&#8217;alumnat de prim\u00e0ria l&#8217;IE Renaixen\u00e7a proposa una activitat f\u00edsica diferent cada mes a la zona de la pista. Amb l&#8217;objectiu de motivar i fomentar l&#8217;inter\u00e8s per practicar activitat f\u00edsica de tot l&#8217;alumnat es programen mensualment els diferents esports i jocs:<\/p>\n<ul>\n<li>Setembre: Futbol<\/li>\n<li>Octubre: Rodes<\/li>\n<li>Novembre: B\u00e0squet i pales<\/li>\n<li>Desembre: Handbol o \u201cmata-conills\u201d<\/li>\n<li>Gener: Hoquei<\/li>\n<li>Febrer: Rodes<\/li>\n<li>Mar\u00e7: Futbol<\/li>\n<li>Abril: Handbol o \u201cmata-conills\u201d<\/li>\n<li>Maig: B\u00e0squet i pales<\/li>\n<\/ul>\n<p><img loading=\"lazy\" decoding=\"async\" class=\"aligncenter size-full wp-image-21888\" src=\"https:\/\/agora.xtec.cat\/esc-renaixencahostalets\/wp-content\/uploads\/usu1823\/2026\/01\/hhhhh.png\" alt=\"\" width=\"936\" height=\"480\" srcset=\"https:\/\/agora.xtec.cat\/esc-renaixencahostalets\/wp-content\/uploads\/usu1823\/2026\/01\/hhhhh.png 936w, https:\/\/agora.xtec.cat\/esc-renaixencahostalets\/wp-content\/uploads\/usu1823\/2026\/01\/hhhhh-300x154.png 300w, https:\/\/agora.xtec.cat\/esc-renaixencahostalets\/wp-content\/uploads\/usu1823\/2026\/01\/hhhhh-768x394.png 768w\" sizes=\"auto, (max-width: 936px) 100vw, 936px\" \/><\/p>\n","protected":false},"excerpt":{"rendered":"<p>L&#8217;IE Renaixen\u00e7a promou un estil de vida actiu i variat entre l&#8217;alumnat de prim\u00e0ria mitjan\u00e7ant activitats mensuals de diferents esports i jocs a la pista.&hellip;  <a href=\"https:\/\/agora.xtec.cat\/esc-renaixencahostalets\/general\/esbarjos-actius-i-diversos-a-letapa-deducacio-primaria\/\" title=\"Read Esbarjos actius i diversos a l&#8217;etapa d&#8217;educaci\u00f3 prim\u00e0ria\">Llegeix m\u00e9s\u00bb<\/a><\/p>\n","protected":false},"author":26,"featured_media":21886,"comment_status":"closed","ping_status":"closed","sticky":false,"template":"","format":"standard","meta":{"_bbp_topic_count":0,"_bbp_reply_count":0,"_bbp_total_topic_count":0,"_bbp_total_reply_count":0,"_bbp_voice_count":0,"_bbp_anonymous_reply_count":0,"_bbp_topic_count_hidden":0,"_bbp_reply_count_hidden":0,"_bbp_forum_subforum_count":0,"footnotes":""},"categories":[154,1],"tags":[],"class_list":["post-21885","post","type-post","status-publish","format-standard","has-post-thumbnail","hentry","category-educacio-fisica","category-general"],"post_mailing_queue_ids":[],"_links":{"self":[{"href":"https:\/\/agora.xtec.cat\/esc-renaixencahostalets\/wp-json\/wp\/v2\/posts\/21885","targetHints":{"allow":["GET"]}}],"collection":[{"href":"https:\/\/agora.xtec.cat\/esc-renaixencahostalets\/wp-json\/wp\/v2\/posts"}],"about":[{"href":"https:\/\/agora.xtec.cat\/esc-renaixencahostalets\/wp-json\/wp\/v2\/types\/post"}],"author":[{"embeddable":true,"href":"https:\/\/agora.xtec.cat\/esc-renaixencahostalets\/wp-json\/wp\/v2\/users\/26"}],"replies":[{"embeddable":true,"href":"https:\/\/agora.xtec.cat\/esc-renaixencahostalets\/wp-json\/wp\/v2\/comments?post=21885"}],"version-history":[{"count":2,"href":"https:\/\/agora.xtec.cat\/esc-renaixencahostalets\/wp-json\/wp\/v2\/posts\/21885\/revisions"}],"predecessor-version":[{"id":21890,"href":"https:\/\/agora.xtec.cat\/esc-renaixencahostalets\/wp-json\/wp\/v2\/posts\/21885\/revisions\/21890"}],"wp:featuredmedia":[{"embeddable":true,"href":"https:\/\/agora.xtec.cat\/esc-renaixencahostalets\/wp-json\/wp\/v2\/media\/21886"}],"wp:attachment":[{"href":"https:\/\/agora.xtec.cat\/esc-renaixencahostalets\/wp-json\/wp\/v2\/media?parent=21885"}],"wp:term":[{"taxonomy":"category","embeddable":true,"href":"https:\/\/agora.xtec.cat\/esc-renaixencahostalets\/wp-json\/wp\/v2\/categories?post=21885"},{"taxonomy":"post_tag","embeddable":true,"href":"https:\/\/agora.xtec.cat\/esc-renaixencahostalets\/wp-json\/wp\/v2\/tags?post=21885"}],"curies":[{"name":"wp","href":"https:\/\/api.w.org\/{rel}","templated":true}]}}