{"id":21869,"date":"2025-12-19T17:32:13","date_gmt":"2025-12-19T16:32:13","guid":{"rendered":"https:\/\/agora.xtec.cat\/esc-renaixencahostalets\/?p=21869"},"modified":"2025-12-19T17:33:10","modified_gmt":"2025-12-19T16:33:10","slug":"lie-renaixenca-celebra-la-cursa-solidaria","status":"publish","type":"post","link":"https:\/\/agora.xtec.cat\/esc-renaixencahostalets\/general\/lie-renaixenca-celebra-la-cursa-solidaria\/","title":{"rendered":"L\u2019IE Renaixen\u00e7a celebra la cursa solid\u00e0ria"},"content":{"rendered":"<p data-start=\"123\" data-end=\"544\">El passat dimarts 16 de desembre, l\u2019alumnat i les fam\u00edlies de l\u2019IE Renaixen\u00e7a van participar en la cursa solid\u00e0ria del centre, una jornada marcada per l\u2019esport, la conviv\u00e8ncia i la solidaritat. Des del centre es vol agrair la col\u00b7laboraci\u00f3 de l\u2019Ajuntament dels Hostalets de Pierola pel material cedit, aix\u00ed com el suport de l\u2019AFA i de Cal Masi\u00e0, que van col\u00b7laborar aportant pomes per a l\u2019alumnat.\u00a0Com ja es va fer el curs passat, l\u2019alumnat d\u2019educaci\u00f3 secund\u00e0ria va dinamitzar l\u2019escalfament previ a la cursa de l\u2019alumnat d\u2019educaci\u00f3 prim\u00e0ria, afavorint aix\u00ed les connexions entre etapes i posant en pr\u00e0ctica els continguts treballats a les sessions d\u2019educaci\u00f3 f\u00edsica durant el primer trimestre.<\/p>\n<p data-start=\"850\" data-end=\"1111\">Avui, divendres 19 de desembre, s\u2019ha fet l\u2019entrega de premis de la cursa. El grup de P1 ha estat reconegut com la classe que va aconseguir c\u00f3rrer m\u00e9s. En total, l\u2019alumnat participant va completar m\u00e9s de 1.600 voltes i es van recollir molts aliments, que es destinaran a C\u00e0ritas de Piera. El centre vol expressar el seu agra\u00efment a totes les fam\u00edlies, a l\u2019equip docent i a l\u2019alumnat per la seva implicaci\u00f3 i comprom\u00eds amb aquesta iniciativa esportiva i solid\u00e0ria.<\/p>\n<p><img loading=\"lazy\" decoding=\"async\" class=\"aligncenter size-full wp-image-21870\" src=\"https:\/\/agora.xtec.cat\/esc-renaixencahostalets\/wp-content\/uploads\/usu1823\/2025\/12\/Collage-cursa-solidaria_2025.png\" alt=\"\" width=\"900\" height=\"600\" srcset=\"https:\/\/agora.xtec.cat\/esc-renaixencahostalets\/wp-content\/uploads\/usu1823\/2025\/12\/Collage-cursa-solidaria_2025.png 900w, https:\/\/agora.xtec.cat\/esc-renaixencahostalets\/wp-content\/uploads\/usu1823\/2025\/12\/Collage-cursa-solidaria_2025-300x200.png 300w, https:\/\/agora.xtec.cat\/esc-renaixencahostalets\/wp-content\/uploads\/usu1823\/2025\/12\/Collage-cursa-solidaria_2025-768x512.png 768w\" sizes=\"auto, (max-width: 900px) 100vw, 900px\" \/><\/p>\n<p>&nbsp;<\/p>\n<p>&nbsp;<\/p>\n<p>&nbsp;<\/p>\n<p>&nbsp;<\/p>\n","protected":false},"excerpt":{"rendered":"<p>L\u2019IE Renaixen\u00e7a va celebrar el 16 de desembre la seva cursa solid\u00e0ria amb la participaci\u00f3 de l\u2019alumnat i les fam\u00edlies del centre.&hellip;  <a href=\"https:\/\/agora.xtec.cat\/esc-renaixencahostalets\/general\/lie-renaixenca-celebra-la-cursa-solidaria\/\" title=\"Read L\u2019IE Renaixen\u00e7a celebra la cursa solid\u00e0ria\">Llegeix m\u00e9s\u00bb<\/a><\/p>\n","protected":false},"author":26,"featured_media":21870,"comment_status":"closed","ping_status":"closed","sticky":false,"template":"","format":"standard","meta":{"_bbp_topic_count":0,"_bbp_reply_count":0,"_bbp_total_topic_count":0,"_bbp_total_reply_count":0,"_bbp_voice_count":0,"_bbp_anonymous_reply_count":0,"_bbp_topic_count_hidden":0,"_bbp_reply_count_hidden":0,"_bbp_forum_subforum_count":0,"footnotes":""},"categories":[154,1],"tags":[],"class_list":["post-21869","post","type-post","status-publish","format-standard","has-post-thumbnail","hentry","category-educacio-fisica","category-general"],"post_mailing_queue_ids":[],"_links":{"self":[{"href":"https:\/\/agora.xtec.cat\/esc-renaixencahostalets\/wp-json\/wp\/v2\/posts\/21869","targetHints":{"allow":["GET"]}}],"collection":[{"href":"https:\/\/agora.xtec.cat\/esc-renaixencahostalets\/wp-json\/wp\/v2\/posts"}],"about":[{"href":"https:\/\/agora.xtec.cat\/esc-renaixencahostalets\/wp-json\/wp\/v2\/types\/post"}],"author":[{"embeddable":true,"href":"https:\/\/agora.xtec.cat\/esc-renaixencahostalets\/wp-json\/wp\/v2\/users\/26"}],"replies":[{"embeddable":true,"href":"https:\/\/agora.xtec.cat\/esc-renaixencahostalets\/wp-json\/wp\/v2\/comments?post=21869"}],"version-history":[{"count":2,"href":"https:\/\/agora.xtec.cat\/esc-renaixencahostalets\/wp-json\/wp\/v2\/posts\/21869\/revisions"}],"predecessor-version":[{"id":21872,"href":"https:\/\/agora.xtec.cat\/esc-renaixencahostalets\/wp-json\/wp\/v2\/posts\/21869\/revisions\/21872"}],"wp:featuredmedia":[{"embeddable":true,"href":"https:\/\/agora.xtec.cat\/esc-renaixencahostalets\/wp-json\/wp\/v2\/media\/21870"}],"wp:attachment":[{"href":"https:\/\/agora.xtec.cat\/esc-renaixencahostalets\/wp-json\/wp\/v2\/media?parent=21869"}],"wp:term":[{"taxonomy":"category","embeddable":true,"href":"https:\/\/agora.xtec.cat\/esc-renaixencahostalets\/wp-json\/wp\/v2\/categories?post=21869"},{"taxonomy":"post_tag","embeddable":true,"href":"https:\/\/agora.xtec.cat\/esc-renaixencahostalets\/wp-json\/wp\/v2\/tags?post=21869"}],"curies":[{"name":"wp","href":"https:\/\/api.w.org\/{rel}","templated":true}]}}