{"id":21862,"date":"2025-12-09T14:08:03","date_gmt":"2025-12-09T13:08:03","guid":{"rendered":"https:\/\/agora.xtec.cat\/esc-renaixencahostalets\/?p=21862"},"modified":"2025-12-09T14:08:03","modified_gmt":"2025-12-09T13:08:03","slug":"han-arribat-els-tions","status":"publish","type":"post","link":"https:\/\/agora.xtec.cat\/esc-renaixencahostalets\/general\/han-arribat-els-tions\/","title":{"rendered":"Han arribat els tions!"},"content":{"rendered":"<p data-pm-slice=\"1 1 []\"><strong>A Infantil hem comen\u00e7at l\u2019aventura m\u00e9s m\u00e0gica del desembre: la cerca dels tions!<\/strong><br \/>\nAquest mat\u00ed, tot just arribar a l\u2019escola, hem trobat una sorpresa inesperada: una carta del ti\u00f3! En ella ens explicava que ja havia arribat i ens animava a sortir a buscar-lo. L\u2019emoci\u00f3 ha estat immediata i les mirades s\u2019han omplert d\u2019intriga i curiositat.<\/p>\n<p>Despr\u00e9s de llegir la carta, ens hem abrigat b\u00e9 i, amb els ulls ben oberts, hem sortit pels diferents espais de l&#8217;institut escola a la recerca dels nostres tions. Cada classe n\u2019havia de trobar un de diferent, i per aix\u00f2 ens hem fixat molt en el color del seu nas:<\/p>\n<ul>\n<li><strong>I3<\/strong> buscava el ti\u00f3 amb el <strong>nas vermell<\/strong>.<\/li>\n<li><strong>I4<\/strong> havia de trobar els tions amb el <strong>nas groc i taronja<\/strong>.<\/li>\n<li><strong>I5<\/strong> seguia les pistes dels tions amb el <strong>nas verd i blau<\/strong>.<\/li>\n<\/ul>\n<p>Els hem anat descobrint en els racons m\u00e9s inesperats: alguns s\u2019amagaven a la caseta del pati, d\u2019altres s\u2019havien enfilat a l\u2019arbre del pati, i fins i tot n\u2019hem trobat entre les herbes arom\u00e0tiques del jard\u00ed. Cada trobada ha estat un esclat d\u2019alegria!<\/p>\n<p>Ara que ja els tenim amb nosaltres, ens toca cuidar-los i alimentar-los cada dia perqu\u00e8 arribin ben forts i contents al moment m\u00e9s esperat: veure si ens <strong>caguen<\/strong> alguna sorpresa!<\/p>\n<p>A Infantil, els dies d\u2019il\u00b7lusi\u00f3 ja s\u00f3n aqu\u00ed, i la m\u00e0gia del Nadal ho ha omplert tot.<\/p>\n<p><a href=\"https:\/\/agora.xtec.cat\/esc-renaixencahostalets\/wp-content\/uploads\/usu1823\/2025\/12\/2-1.png\"><img loading=\"lazy\" decoding=\"async\" class=\"alignnone size-large wp-image-21863\" src=\"https:\/\/agora.xtec.cat\/esc-renaixencahostalets\/wp-content\/uploads\/usu1823\/2025\/12\/2-1-1024x653.png\" alt=\"\" width=\"1024\" height=\"653\" srcset=\"https:\/\/agora.xtec.cat\/esc-renaixencahostalets\/wp-content\/uploads\/usu1823\/2025\/12\/2-1-1024x653.png 1024w, https:\/\/agora.xtec.cat\/esc-renaixencahostalets\/wp-content\/uploads\/usu1823\/2025\/12\/2-1-300x191.png 300w, https:\/\/agora.xtec.cat\/esc-renaixencahostalets\/wp-content\/uploads\/usu1823\/2025\/12\/2-1-768x490.png 768w, https:\/\/agora.xtec.cat\/esc-renaixencahostalets\/wp-content\/uploads\/usu1823\/2025\/12\/2-1-1536x979.png 1536w, https:\/\/agora.xtec.cat\/esc-renaixencahostalets\/wp-content\/uploads\/usu1823\/2025\/12\/2-1.png 1545w\" sizes=\"auto, (max-width: 1024px) 100vw, 1024px\" \/><\/a><\/p>\n","protected":false},"excerpt":{"rendered":"<p>A Infantil hem comen\u00e7at l\u2019aventura m\u00e9s m\u00e0gica del desembre: la cerca dels tions!<br \/>\nAquest mat\u00ed, tot just arribar a l\u2019escola, hem trobat una sorpresa inesperada: una carta del ti\u00f3! En ella ens explicava que ja havia arribat i ens animava a sortir a buscar-lo. L\u2019emoci\u00f3 ha&hellip;  <a href=\"https:\/\/agora.xtec.cat\/esc-renaixencahostalets\/general\/han-arribat-els-tions\/\" title=\"Read Han arribat els tions!\">Llegeix m\u00e9s\u00bb<\/a><\/p>\n","protected":false},"author":108,"featured_media":0,"comment_status":"open","ping_status":"open","sticky":false,"template":"","format":"standard","meta":{"_bbp_topic_count":0,"_bbp_reply_count":0,"_bbp_total_topic_count":0,"_bbp_total_reply_count":0,"_bbp_voice_count":0,"_bbp_anonymous_reply_count":0,"_bbp_topic_count_hidden":0,"_bbp_reply_count_hidden":0,"_bbp_forum_subforum_count":0,"footnotes":""},"categories":[1],"tags":[],"class_list":["post-21862","post","type-post","status-publish","format-standard","hentry","category-general"],"post_mailing_queue_ids":[],"_links":{"self":[{"href":"https:\/\/agora.xtec.cat\/esc-renaixencahostalets\/wp-json\/wp\/v2\/posts\/21862","targetHints":{"allow":["GET"]}}],"collection":[{"href":"https:\/\/agora.xtec.cat\/esc-renaixencahostalets\/wp-json\/wp\/v2\/posts"}],"about":[{"href":"https:\/\/agora.xtec.cat\/esc-renaixencahostalets\/wp-json\/wp\/v2\/types\/post"}],"author":[{"embeddable":true,"href":"https:\/\/agora.xtec.cat\/esc-renaixencahostalets\/wp-json\/wp\/v2\/users\/108"}],"replies":[{"embeddable":true,"href":"https:\/\/agora.xtec.cat\/esc-renaixencahostalets\/wp-json\/wp\/v2\/comments?post=21862"}],"version-history":[{"count":1,"href":"https:\/\/agora.xtec.cat\/esc-renaixencahostalets\/wp-json\/wp\/v2\/posts\/21862\/revisions"}],"predecessor-version":[{"id":21864,"href":"https:\/\/agora.xtec.cat\/esc-renaixencahostalets\/wp-json\/wp\/v2\/posts\/21862\/revisions\/21864"}],"wp:attachment":[{"href":"https:\/\/agora.xtec.cat\/esc-renaixencahostalets\/wp-json\/wp\/v2\/media?parent=21862"}],"wp:term":[{"taxonomy":"category","embeddable":true,"href":"https:\/\/agora.xtec.cat\/esc-renaixencahostalets\/wp-json\/wp\/v2\/categories?post=21862"},{"taxonomy":"post_tag","embeddable":true,"href":"https:\/\/agora.xtec.cat\/esc-renaixencahostalets\/wp-json\/wp\/v2\/tags?post=21862"}],"curies":[{"name":"wp","href":"https:\/\/api.w.org\/{rel}","templated":true}]}}