{"id":21846,"date":"2025-11-14T18:07:53","date_gmt":"2025-11-14T17:07:53","guid":{"rendered":"https:\/\/agora.xtec.cat\/esc-renaixencahostalets\/?p=21846"},"modified":"2025-11-14T18:07:53","modified_gmt":"2025-11-14T17:07:53","slug":"aquesta-tarda-a-infantil-roda-que-rodaras","status":"publish","type":"post","link":"https:\/\/agora.xtec.cat\/esc-renaixencahostalets\/general\/aquesta-tarda-a-infantil-roda-que-rodaras\/","title":{"rendered":"Aquesta tarda a infantil&#8230;roda que rodar\u00e0s!"},"content":{"rendered":"<p data-pm-slice=\"1 1 []\">Avui a infantil hem viscut una tarda d\u2019aquelles que es recorden amb un somriure. Els infants han portat les seves bicicletes, patinets, patins i altres vehicles amb rodes, preparats per compartir una estona de joc i moviment a la pista esportiva.<\/p>\n<p>Un cop all\u00e0, hem comen\u00e7at a rodar tots junts seguint el mateix sentit, creant una gran volta plena d\u2019energia, entusiasme i rialles. Ha estat preci\u00f3s veure com es respectaven, s\u2019esperaven i s\u2019animaven entre ells, demostrant que aprendre a circular tamb\u00e9 \u00e9s aprendre a conviure.<\/p>\n<p>Despr\u00e9s d\u2019aquest moment compartit, hem fet unes tandes per classes, m\u00e9s tranquil\u00b7les, que han perm\u00e8s als infants gaudir del trajecte amb calma, observar els companys i sentir l\u2019aire fresc mentre avan\u00e7aven amb confian\u00e7a.<\/p>\n<p>Ha estat una tarda plena de diversi\u00f3, moviment, autonomia i companyonia. Una d\u2019aquelles activitats que ens recorden que cr\u00e9ixer tamb\u00e9 \u00e9s jugar, experimentar i, de vegades, simplement\u2026 deixar-se portar sobre rodes.<\/p>\n<p><a href=\"https:\/\/agora.xtec.cat\/esc-renaixencahostalets\/wp-content\/uploads\/usu1823\/2025\/11\/WhatsApp-Image-2025-11-14-at-17.55.15.jpeg\"><img loading=\"lazy\" decoding=\"async\" class=\"alignnone  wp-image-21847\" src=\"https:\/\/agora.xtec.cat\/esc-renaixencahostalets\/wp-content\/uploads\/usu1823\/2025\/11\/WhatsApp-Image-2025-11-14-at-17.55.15-768x1024.jpeg\" alt=\"\" width=\"516\" height=\"688\" srcset=\"https:\/\/agora.xtec.cat\/esc-renaixencahostalets\/wp-content\/uploads\/usu1823\/2025\/11\/WhatsApp-Image-2025-11-14-at-17.55.15-768x1024.jpeg 768w, https:\/\/agora.xtec.cat\/esc-renaixencahostalets\/wp-content\/uploads\/usu1823\/2025\/11\/WhatsApp-Image-2025-11-14-at-17.55.15-225x300.jpeg 225w, https:\/\/agora.xtec.cat\/esc-renaixencahostalets\/wp-content\/uploads\/usu1823\/2025\/11\/WhatsApp-Image-2025-11-14-at-17.55.15-1152x1536.jpeg 1152w, https:\/\/agora.xtec.cat\/esc-renaixencahostalets\/wp-content\/uploads\/usu1823\/2025\/11\/WhatsApp-Image-2025-11-14-at-17.55.15.jpeg 1200w\" sizes=\"auto, (max-width: 516px) 100vw, 516px\" \/><\/a><\/p>\n","protected":false},"excerpt":{"rendered":"<p>Avui a infantil hem viscut una tarda d\u2019aquelles que es recorden amb un somriure. Els infants han portat les seves bicicletes, patinets, patins i altres vehicles amb rodes, preparats per compartir una estona de joc i moviment a la pista esportiva.<br \/>\nUn cop all\u00e0, hem comen\u00e7at&hellip;  <a href=\"https:\/\/agora.xtec.cat\/esc-renaixencahostalets\/general\/aquesta-tarda-a-infantil-roda-que-rodaras\/\" title=\"Read Aquesta tarda a infantil&#8230;roda que rodar\u00e0s!\">Llegeix m\u00e9s\u00bb<\/a><\/p>\n","protected":false},"author":108,"featured_media":0,"comment_status":"open","ping_status":"open","sticky":false,"template":"","format":"standard","meta":{"_bbp_topic_count":0,"_bbp_reply_count":0,"_bbp_total_topic_count":0,"_bbp_total_reply_count":0,"_bbp_voice_count":0,"_bbp_anonymous_reply_count":0,"_bbp_topic_count_hidden":0,"_bbp_reply_count_hidden":0,"_bbp_forum_subforum_count":0,"footnotes":""},"categories":[1,3,8,9],"tags":[],"class_list":["post-21846","post","type-post","status-publish","format-standard","hentry","category-general","category-i3","category-i4","category-i5"],"post_mailing_queue_ids":[],"_links":{"self":[{"href":"https:\/\/agora.xtec.cat\/esc-renaixencahostalets\/wp-json\/wp\/v2\/posts\/21846","targetHints":{"allow":["GET"]}}],"collection":[{"href":"https:\/\/agora.xtec.cat\/esc-renaixencahostalets\/wp-json\/wp\/v2\/posts"}],"about":[{"href":"https:\/\/agora.xtec.cat\/esc-renaixencahostalets\/wp-json\/wp\/v2\/types\/post"}],"author":[{"embeddable":true,"href":"https:\/\/agora.xtec.cat\/esc-renaixencahostalets\/wp-json\/wp\/v2\/users\/108"}],"replies":[{"embeddable":true,"href":"https:\/\/agora.xtec.cat\/esc-renaixencahostalets\/wp-json\/wp\/v2\/comments?post=21846"}],"version-history":[{"count":3,"href":"https:\/\/agora.xtec.cat\/esc-renaixencahostalets\/wp-json\/wp\/v2\/posts\/21846\/revisions"}],"predecessor-version":[{"id":21850,"href":"https:\/\/agora.xtec.cat\/esc-renaixencahostalets\/wp-json\/wp\/v2\/posts\/21846\/revisions\/21850"}],"wp:attachment":[{"href":"https:\/\/agora.xtec.cat\/esc-renaixencahostalets\/wp-json\/wp\/v2\/media?parent=21846"}],"wp:term":[{"taxonomy":"category","embeddable":true,"href":"https:\/\/agora.xtec.cat\/esc-renaixencahostalets\/wp-json\/wp\/v2\/categories?post=21846"},{"taxonomy":"post_tag","embeddable":true,"href":"https:\/\/agora.xtec.cat\/esc-renaixencahostalets\/wp-json\/wp\/v2\/tags?post=21846"}],"curies":[{"name":"wp","href":"https:\/\/api.w.org\/{rel}","templated":true}]}}