{"id":21840,"date":"2025-11-11T13:47:11","date_gmt":"2025-11-11T12:47:11","guid":{"rendered":"https:\/\/agora.xtec.cat\/esc-renaixencahostalets\/?p=21840"},"modified":"2025-11-11T13:47:11","modified_gmt":"2025-11-11T12:47:11","slug":"celebrem-la-castanyada-a-infantil","status":"publish","type":"post","link":"https:\/\/agora.xtec.cat\/esc-renaixencahostalets\/general\/celebrem-la-castanyada-a-infantil\/","title":{"rendered":"Celebrem la Castanyada a infantil!"},"content":{"rendered":"<p>L&#8217;\u00faltim dijous de mes vam acomiadar el mes d\u2019octubre d\u2019una manera molt especial: celebrant <strong>la Castanyada a l\u2019escola<\/strong>! Va ser una jornada plena de tradicions, rialles i moments inoblidables que ens van fer viure l\u2019esperit de la tardor en tota la seva ess\u00e8ncia.<\/p>\n<p>Durant el mat\u00ed, els nens i nenes d\u2019<strong>Educaci\u00f3 Infantil<\/strong>\u00a0vam sortir a gaudir del nostre entorn.<br \/>\nEls infants d\u2019<strong>I3<\/strong>\u00a0vam passar una estona fant\u00e0stica al\u00a0<strong>parc del Patufet<\/strong>, on vam poder jugar, c\u00f3rrer i deixar volar la imaginaci\u00f3. A m\u00e9s, vam aprofitar per\u00a0<strong>vestir els nostres fullets amb fulles de la tardor.\u00a0<\/strong>Els grups d\u2019<strong>I4 i I5<\/strong>\u00a0vam fer una visita a\u00a0<strong>Cal Ponsa<\/strong>, on vam descobrir nous racons i vam compartir jocs, experi\u00e8ncies i moltes rialles. El temps ens va acompanyar, i l\u2019ambient de tardor feia que tot fos encara m\u00e9s bonic.<\/p>\n<p>A la tarda, l\u2019emoci\u00f3 va continuar! Els infants d\u2019<strong>Educaci\u00f3 Infantil i Cicle Inicial<\/strong>\u00a0vam rebre la visita d\u2019una convidada molt esperada:\u00a0<strong>la Castanyera!<\/strong>\u00a0Amb el seu cistell ple de castanyes i la seva simpatia, vam ballar, ens va fer riure i ens va contagiar les ganes de celebrar aquesta tradici\u00f3 tan nostra.<\/p>\n<p>Despr\u00e9s, els nens i nenes d\u2019<strong>I3, I4 i I5<\/strong>\u00a0vam quedar-nos al pati per\u00a0<strong>menjar castanyes ben calentes<\/strong>, acabades de torrar, mentre sonaven can\u00e7ons de tardor. Vam ballar, cantar i compartir una tarda plena d\u2019alegria i germanor.<\/p>\n<p>Va ser, sens dubte,\u00a0<strong>un dia ple de m\u00e0gia, companyonia i esperit de tardor<\/strong>. Gr\u00e0cies a tots \u2014mestres, infants i fam\u00edlies\u2014 per fer possible una celebraci\u00f3 tan bonica que ens recorda la import\u00e0ncia de les nostres tradicions i del gaudi compartit.<\/p>\n","protected":false},"excerpt":{"rendered":"<p>L&#8217;\u00faltim dijous de mes vam acomiadar el mes d\u2019octubre d\u2019una manera molt especial: celebrant la Castanyada a l\u2019escola! Va ser una jornada plena de tradicions, rialles i moments inoblidables que ens van fer viure l\u2019esperit de la tardor en tota la seva ess\u00e8ncia. Durant el mat\u00ed, els nens i nenes d\u2019Educaci\u00f3 Infantil\u00a0vam sortir a gaudir [&hellip;]<\/p>\n","protected":false},"author":108,"featured_media":0,"comment_status":"open","ping_status":"open","sticky":false,"template":"","format":"standard","meta":{"_bbp_topic_count":0,"_bbp_reply_count":0,"_bbp_total_topic_count":0,"_bbp_total_reply_count":0,"_bbp_voice_count":0,"_bbp_anonymous_reply_count":0,"_bbp_topic_count_hidden":0,"_bbp_reply_count_hidden":0,"_bbp_forum_subforum_count":0,"site-sidebar-layout":"default","site-content-layout":"","ast-site-content-layout":"","site-content-style":"default","site-sidebar-style":"default","ast-global-header-display":"","ast-banner-title-visibility":"","ast-main-header-display":"","ast-hfb-above-header-display":"","ast-hfb-below-header-display":"","ast-hfb-mobile-header-display":"","site-post-title":"","ast-breadcrumbs-content":"","ast-featured-img":"","footer-sml-layout":"","theme-transparent-header-meta":"","adv-header-id-meta":"","stick-header-meta":"","header-above-stick-meta":"","header-main-stick-meta":"","header-below-stick-meta":"","astra-migrate-meta-layouts":"default","ast-page-background-enabled":"default","ast-page-background-meta":{"desktop":{"background-color":"var(--ast-global-color-4)","background-image":"","background-repeat":"repeat","background-position":"center center","background-size":"auto","background-attachment":"scroll","background-type":"","background-media":"","overlay-type":"","overlay-color":"","overlay-opacity":"","overlay-gradient":""},"tablet":{"background-color":"","background-image":"","background-repeat":"repeat","background-position":"center center","background-size":"auto","background-attachment":"scroll","background-type":"","background-media":"","overlay-type":"","overlay-color":"","overlay-opacity":"","overlay-gradient":""},"mobile":{"background-color":"","background-image":"","background-repeat":"repeat","background-position":"center center","background-size":"auto","background-attachment":"scroll","background-type":"","background-media":"","overlay-type":"","overlay-color":"","overlay-opacity":"","overlay-gradient":""}},"ast-content-background-meta":{"desktop":{"background-color":"var(--ast-global-color-5)","background-image":"","background-repeat":"repeat","background-position":"center center","background-size":"auto","background-attachment":"scroll","background-type":"","background-media":"","overlay-type":"","overlay-color":"","overlay-opacity":"","overlay-gradient":""},"tablet":{"background-color":"var(--ast-global-color-5)","background-image":"","background-repeat":"repeat","background-position":"center center","background-size":"auto","background-attachment":"scroll","background-type":"","background-media":"","overlay-type":"","overlay-color":"","overlay-opacity":"","overlay-gradient":""},"mobile":{"background-color":"var(--ast-global-color-5)","background-image":"","background-repeat":"repeat","background-position":"center center","background-size":"auto","background-attachment":"scroll","background-type":"","background-media":"","overlay-type":"","overlay-color":"","overlay-opacity":"","overlay-gradient":""}},"footnotes":""},"categories":[1,3,8,9],"tags":[],"class_list":["post-21840","post","type-post","status-publish","format-standard","hentry","category-general","category-i3","category-i4","category-i5"],"post_mailing_queue_ids":[],"_links":{"self":[{"href":"https:\/\/agora.xtec.cat\/esc-renaixencahostalets\/wp-json\/wp\/v2\/posts\/21840","targetHints":{"allow":["GET"]}}],"collection":[{"href":"https:\/\/agora.xtec.cat\/esc-renaixencahostalets\/wp-json\/wp\/v2\/posts"}],"about":[{"href":"https:\/\/agora.xtec.cat\/esc-renaixencahostalets\/wp-json\/wp\/v2\/types\/post"}],"author":[{"embeddable":true,"href":"https:\/\/agora.xtec.cat\/esc-renaixencahostalets\/wp-json\/wp\/v2\/users\/108"}],"replies":[{"embeddable":true,"href":"https:\/\/agora.xtec.cat\/esc-renaixencahostalets\/wp-json\/wp\/v2\/comments?post=21840"}],"version-history":[{"count":2,"href":"https:\/\/agora.xtec.cat\/esc-renaixencahostalets\/wp-json\/wp\/v2\/posts\/21840\/revisions"}],"predecessor-version":[{"id":21843,"href":"https:\/\/agora.xtec.cat\/esc-renaixencahostalets\/wp-json\/wp\/v2\/posts\/21840\/revisions\/21843"}],"wp:attachment":[{"href":"https:\/\/agora.xtec.cat\/esc-renaixencahostalets\/wp-json\/wp\/v2\/media?parent=21840"}],"wp:term":[{"taxonomy":"category","embeddable":true,"href":"https:\/\/agora.xtec.cat\/esc-renaixencahostalets\/wp-json\/wp\/v2\/categories?post=21840"},{"taxonomy":"post_tag","embeddable":true,"href":"https:\/\/agora.xtec.cat\/esc-renaixencahostalets\/wp-json\/wp\/v2\/tags?post=21840"}],"curies":[{"name":"wp","href":"https:\/\/api.w.org\/{rel}","templated":true}]}}