{"id":21821,"date":"2025-10-09T14:58:00","date_gmt":"2025-10-09T12:58:00","guid":{"rendered":"https:\/\/agora.xtec.cat\/esc-renaixencahostalets\/?p=21821"},"modified":"2025-10-09T18:55:57","modified_gmt":"2025-10-09T16:55:57","slug":"primeres-impressions-de-leso","status":"publish","type":"post","link":"https:\/\/agora.xtec.cat\/esc-renaixencahostalets\/general\/primeres-impressions-de-leso\/","title":{"rendered":"Primeres impressions de l&#8217;ESO"},"content":{"rendered":"<p><span style=\"font-weight: 400;\">Ara que s\u2019ha complert un mes de l\u2019inici del curs \u00e9s un bon moment per girar la vista enrere per veure com ha anat.<\/span><\/p>\n<p><span style=\"font-weight: 400;\">En primer lloc, les instal\u00b7lacions. Com explica la Sandra, de 2n ESO:\u00a0 \u201cAls de Segon ens han mogut a la classe que ha de ser la biblioteca\u201d, perqu\u00e8 \u201cles classes noves ja estan fetes, per\u00f2 han de fer uns papers per poder anar-hi, i per aquesta ra\u00f3 ara mateix estem dintre l&#8217;escola, on tamb\u00e9 hi ha infantil i prim\u00e0ria.\u201d Tot i aix\u00f2, \u201ces pot dir que \u00e9s una bona aula per ser provisional\u201d. El que no li agrada \u00e9s la distribuci\u00f3 de les taules: \u201cHi ha taules individuals i de parelles, cosa que dificulta trobar una posici\u00f3 de taules amb les quals estiguem amples i hi hagi espai\u201d. L\u2019Ariadna, que \u00e9s nova al Renaixen\u00e7a, destaca de l\u2019aula \u201cunes pissarres digitals noves que s\u00f3n molt grans i que van molt b\u00e9 per a projectar apunts o tasques\u201d. Tamb\u00e9 li agrada el pati: \u201c\u00c9s molt agradable, amb vista al bosc i a tot el camp\u201d. Aix\u00ed mateix, la rotaci\u00f3 de la pista de futbol est\u00e0 ben valorada, ja que aix\u00f2 evita problemes.\u00a0<\/span><\/p>\n<p><span style=\"font-weight: 400;\">Segons l\u2019Ariadna, \u201cels companys s\u00f3n molt acollidors i bona gent, des del primer dia em vaig sentir part de la classe, a m\u00e9s que molta gent va tenir inter\u00e8s a coneixe\u2019m\u201d. Totes dues coincideixen que la classe en si est\u00e0 b\u00e9, el que passa \u00e9s que \u201cde vegades es xerra molt i costa fer silenci\u201d, i per aix\u00f2 \u201chi ha falta de concentraci\u00f3\u201d.\u00a0<\/span><\/p>\n<p><span style=\"font-weight: 400;\">Una altra novetat per a l\u2019Ariadna \u00e9s el fet de treballar per projectes: \u201cEls projectes que estem fent s\u00f3n molt interessants i tenen tasques molt entretingudes, a sobre, els temes que han triat em semblen for\u00e7a interessants\u201d.\u00a0<\/span><\/p>\n<p><span style=\"font-weight: 400;\">Pel que fa als docents, totes dues destaquen que els professors s\u2019esforcen per ser entenedors i per explicar els continguts de diferents maneres.\u00a0<\/span><\/p>\n<p><span style=\"font-weight: 400;\">Finalment, a l\u2019Ariadna li agrada l\u2019organitzaci\u00f3 en cercles: \u201cEls cercles s\u00f3n molt entretinguts i divertits, fem diverses activitats per coneixe\u2019ns millor i a la vegada per motivar-nos. Sempre fem un cercle i, quan comencem i quan acabem ens fan la mateixa pregunta: Com esteu ara. I la resposta sol ser diferent.\u201d<\/span><\/p>\n<p><span style=\"font-weight: 400;\">En conclusi\u00f3, tot i la provisionalitat de les aules en espera dels m\u00f2duls nous, aix\u00f2 no s\u2019ha notat gaire en l\u2019arrencada de curs.\u00a0<\/span><\/p>\n<p><b>Article elaborat per les alumnes del taller de Periodisme de l\u2019ESO<\/b><\/p>\n<p>&nbsp;<\/p>\n","protected":false},"excerpt":{"rendered":"<p>Ara que s\u2019ha complert un mes de l\u2019inici del curs \u00e9s un bon moment per girar la vista enrere per veure com ha anat.<br \/>\nEn primer lloc, les instal\u00b7lacions. Com explica la Sandra, de 2n ESO:\u00a0 \u201cAls de Segon ens han mogut a la classe que&hellip;  <a href=\"https:\/\/agora.xtec.cat\/esc-renaixencahostalets\/general\/primeres-impressions-de-leso\/\" title=\"Read Primeres impressions de l&#8217;ESO\">Llegeix m\u00e9s\u00bb<\/a><\/p>\n","protected":false},"author":105,"featured_media":0,"comment_status":"open","ping_status":"open","sticky":false,"template":"","format":"standard","meta":{"_bbp_topic_count":0,"_bbp_reply_count":0,"_bbp_total_topic_count":0,"_bbp_total_reply_count":0,"_bbp_voice_count":0,"_bbp_anonymous_reply_count":0,"_bbp_topic_count_hidden":0,"_bbp_reply_count_hidden":0,"_bbp_forum_subforum_count":0,"footnotes":""},"categories":[1],"tags":[],"class_list":["post-21821","post","type-post","status-publish","format-standard","hentry","category-general"],"post_mailing_queue_ids":[],"_links":{"self":[{"href":"https:\/\/agora.xtec.cat\/esc-renaixencahostalets\/wp-json\/wp\/v2\/posts\/21821","targetHints":{"allow":["GET"]}}],"collection":[{"href":"https:\/\/agora.xtec.cat\/esc-renaixencahostalets\/wp-json\/wp\/v2\/posts"}],"about":[{"href":"https:\/\/agora.xtec.cat\/esc-renaixencahostalets\/wp-json\/wp\/v2\/types\/post"}],"author":[{"embeddable":true,"href":"https:\/\/agora.xtec.cat\/esc-renaixencahostalets\/wp-json\/wp\/v2\/users\/105"}],"replies":[{"embeddable":true,"href":"https:\/\/agora.xtec.cat\/esc-renaixencahostalets\/wp-json\/wp\/v2\/comments?post=21821"}],"version-history":[{"count":2,"href":"https:\/\/agora.xtec.cat\/esc-renaixencahostalets\/wp-json\/wp\/v2\/posts\/21821\/revisions"}],"predecessor-version":[{"id":21823,"href":"https:\/\/agora.xtec.cat\/esc-renaixencahostalets\/wp-json\/wp\/v2\/posts\/21821\/revisions\/21823"}],"wp:attachment":[{"href":"https:\/\/agora.xtec.cat\/esc-renaixencahostalets\/wp-json\/wp\/v2\/media?parent=21821"}],"wp:term":[{"taxonomy":"category","embeddable":true,"href":"https:\/\/agora.xtec.cat\/esc-renaixencahostalets\/wp-json\/wp\/v2\/categories?post=21821"},{"taxonomy":"post_tag","embeddable":true,"href":"https:\/\/agora.xtec.cat\/esc-renaixencahostalets\/wp-json\/wp\/v2\/tags?post=21821"}],"curies":[{"name":"wp","href":"https:\/\/api.w.org\/{rel}","templated":true}]}}