{"id":21793,"date":"2025-06-23T17:43:10","date_gmt":"2025-06-23T15:43:10","guid":{"rendered":"https:\/\/agora.xtec.cat\/esc-renaixencahostalets\/?p=21793"},"modified":"2025-06-23T17:55:46","modified_gmt":"2025-06-23T15:55:46","slug":"maticula-2025-26","status":"publish","type":"post","link":"https:\/\/agora.xtec.cat\/esc-renaixencahostalets\/general\/maticula-2025-26\/","title":{"rendered":"Matr\u00edcula 2025\/26"},"content":{"rendered":"<p><img loading=\"lazy\" decoding=\"async\" class=\"alignnone wp-image-21794\" src=\"https:\/\/agora.xtec.cat\/esc-renaixencahostalets\/wp-content\/uploads\/usu1823\/2025\/06\/banner-preins-25.jpg\" alt=\"\" width=\"761\" height=\"149\" srcset=\"https:\/\/agora.xtec.cat\/esc-renaixencahostalets\/wp-content\/uploads\/usu1823\/2025\/06\/banner-preins-25.jpg 1900w, https:\/\/agora.xtec.cat\/esc-renaixencahostalets\/wp-content\/uploads\/usu1823\/2025\/06\/banner-preins-25-300x59.jpg 300w, https:\/\/agora.xtec.cat\/esc-renaixencahostalets\/wp-content\/uploads\/usu1823\/2025\/06\/banner-preins-25-1024x200.jpg 1024w, https:\/\/agora.xtec.cat\/esc-renaixencahostalets\/wp-content\/uploads\/usu1823\/2025\/06\/banner-preins-25-768x150.jpg 768w, https:\/\/agora.xtec.cat\/esc-renaixencahostalets\/wp-content\/uploads\/usu1823\/2025\/06\/banner-preins-25-1536x301.jpg 1536w\" sizes=\"auto, (max-width: 761px) 100vw, 761px\" \/><\/p>\n<div dir=\"auto\">Benvolguda\u00a0 fam\u00edlia,<\/div>\n<div dir=\"auto\"><\/div>\n<div dir=\"auto\">Si heu estat admesos, sigueu benvinguts a l&#8217;Institut Escola Renaixen\u00e7a!<\/div>\n<div dir=\"auto\">Iniciem una etapa conjunta on compartirem \u00e1mb\u00a0il.lusi\u00f3 l&#8217;educaci\u00f3 del vostre fill\/a.<\/div>\n<div dir=\"auto\">A continuaci\u00f3 us dono a con\u00e8ixer dades pel vostre inter\u00e8s.<\/div>\n<div dir=\"auto\"><\/div>\n<div dir=\"auto\"><b>Quan matricularem?<\/b><\/div>\n<div dir=\"auto\"><\/div>\n<div dir=\"auto\">A partir del dia 25 de juny i fins el 3 de juliol us esperem a la secretaria del centre, en horari de 9 a 14h. El dia 30 l&#8217;horari ser\u00e0 de 9 a 12h. No cal demanar cita pr\u00e8via.<\/div>\n<div dir=\"auto\"><\/div>\n<div dir=\"auto\"><b>Quina documentaci\u00f3 FOTOCOPIADA cal portar?<\/b><\/div>\n<div dir=\"auto\"><\/div>\n<div dir=\"auto\">* Tarjeta sanit\u00e0ria de l&#8217;alumne<\/div>\n<div dir=\"auto\">* Carnet de vacunacions ( si es t\u00e9)<\/div>\n<div dir=\"auto\">* Informes m\u00e8dics (si \u00e9s rellevant pel centre)<\/div>\n<div dir=\"auto\">* Conveni i\/o sent\u00e8ncia de separaci\u00f3 (si s&#8217;escau)<\/div>\n<div dir=\"auto\">* Informe si l&#8217;alumne rep atenci\u00f3 especialitzada (logop\u00e8dia, psic\u00f2leg, fisioterapeuta..)<\/div>\n<div dir=\"auto\">* Darrer informe escolar (si l&#8217;alumne ha estat escolaritzat anteriorment).<\/div>\n<div dir=\"auto\">* 2 fotografies actuals mida carnet.<\/div>\n<div dir=\"auto\"><\/div>\n<div dir=\"auto\"><b>Autoritzacions<\/b><\/div>\n<div dir=\"auto\"><\/div>\n<div dir=\"auto\">El dia que vingueu us facilitarem un seguit d&#8217;autoritzacions que caldr\u00e0 tornar signades dins el per\u00edode de matr\u00edcula.<\/div>\n<div dir=\"auto\"><\/div>\n<div dir=\"auto\"><b>Altres dades d&#8217;inter\u00e8s<\/b><\/div>\n<div dir=\"auto\"><\/div>\n<div dir=\"auto\">Posteriorment rebreu un correu amb tota la informaci\u00f3 per l&#8217;inici de curs ( reunions fam\u00edlies, entrevistes inicials i aportaci\u00f3 econ\u00f2mica).<\/div>\n<div dir=\"auto\"><\/div>\n<div dir=\"auto\"><b>Menjador<\/b><\/div>\n<div dir=\"auto\"><\/div>\n<div dir=\"auto\">En cas d&#8217;estar becats, cal comunicar-ho a secret\u00e0ria.<\/div>\n<div dir=\"auto\"><\/div>\n<div><b>Motxilles escolars<\/b><\/div>\n<div><\/div>\n<div>En cas d&#8217;estar subvencionat cal comunicar-ho a secret\u00e0ria<\/div>\n<div dir=\"auto\"><\/div>\n<div dir=\"auto\"><\/div>\n<div dir=\"auto\"><b>Transport escolar<\/b><\/div>\n<div dir=\"auto\"><\/div>\n<div dir=\"auto\">Si viviu a una urbanitzaci\u00f3 d&#8217;Els Hostalets de Pierola, l&#8217;Ajuntament ofereix un servei de transport gratu\u00eft. La sol.licitud us la facilitarem tamb\u00e9 a secretaria.<\/div>\n<div dir=\"auto\"><\/div>\n<div dir=\"auto\">En cas de dubte, el tel\u00e8fon del centre \u00e9s el 937712135.<\/div>\n<div dir=\"auto\"><\/div>\n","protected":false},"excerpt":{"rendered":"<p>Benvolguda\u00a0 fam\u00edlia,<\/p>\n<p>Si heu estat admesos, sigueu benvinguts a l&#8217;Institut Escola Renaixen\u00e7a!<br \/>\nIniciem una etapa conjunta on compartirem \u00e1mb\u00a0il.lusi\u00f3 l&#8217;educaci\u00f3 del vostre fill\/a.<br \/>\nA continuaci\u00f3 us dono a con\u00e8ixer dades pel vostre inter\u00e8s.<\/p>\n<p>Quan matricularem?<\/p>\n<p>A partir del dia 25 de juny i fins el 3 de juliol us esperem&hellip;  <a href=\"https:\/\/agora.xtec.cat\/esc-renaixencahostalets\/general\/maticula-2025-26\/\" title=\"Read Matr\u00edcula 2025\/26\">Llegeix m\u00e9s\u00bb<\/a><\/p>\n","protected":false},"author":5,"featured_media":21794,"comment_status":"open","ping_status":"open","sticky":false,"template":"","format":"standard","meta":{"_bbp_topic_count":0,"_bbp_reply_count":0,"_bbp_total_topic_count":0,"_bbp_total_reply_count":0,"_bbp_voice_count":0,"_bbp_anonymous_reply_count":0,"_bbp_topic_count_hidden":0,"_bbp_reply_count_hidden":0,"_bbp_forum_subforum_count":0,"footnotes":""},"categories":[1],"tags":[],"class_list":["post-21793","post","type-post","status-publish","format-standard","has-post-thumbnail","hentry","category-general"],"post_mailing_queue_ids":[],"_links":{"self":[{"href":"https:\/\/agora.xtec.cat\/esc-renaixencahostalets\/wp-json\/wp\/v2\/posts\/21793","targetHints":{"allow":["GET"]}}],"collection":[{"href":"https:\/\/agora.xtec.cat\/esc-renaixencahostalets\/wp-json\/wp\/v2\/posts"}],"about":[{"href":"https:\/\/agora.xtec.cat\/esc-renaixencahostalets\/wp-json\/wp\/v2\/types\/post"}],"author":[{"embeddable":true,"href":"https:\/\/agora.xtec.cat\/esc-renaixencahostalets\/wp-json\/wp\/v2\/users\/5"}],"replies":[{"embeddable":true,"href":"https:\/\/agora.xtec.cat\/esc-renaixencahostalets\/wp-json\/wp\/v2\/comments?post=21793"}],"version-history":[{"count":6,"href":"https:\/\/agora.xtec.cat\/esc-renaixencahostalets\/wp-json\/wp\/v2\/posts\/21793\/revisions"}],"predecessor-version":[{"id":21804,"href":"https:\/\/agora.xtec.cat\/esc-renaixencahostalets\/wp-json\/wp\/v2\/posts\/21793\/revisions\/21804"}],"wp:featuredmedia":[{"embeddable":true,"href":"https:\/\/agora.xtec.cat\/esc-renaixencahostalets\/wp-json\/wp\/v2\/media\/21794"}],"wp:attachment":[{"href":"https:\/\/agora.xtec.cat\/esc-renaixencahostalets\/wp-json\/wp\/v2\/media?parent=21793"}],"wp:term":[{"taxonomy":"category","embeddable":true,"href":"https:\/\/agora.xtec.cat\/esc-renaixencahostalets\/wp-json\/wp\/v2\/categories?post=21793"},{"taxonomy":"post_tag","embeddable":true,"href":"https:\/\/agora.xtec.cat\/esc-renaixencahostalets\/wp-json\/wp\/v2\/tags?post=21793"}],"curies":[{"name":"wp","href":"https:\/\/api.w.org\/{rel}","templated":true}]}}