{"id":21788,"date":"2025-06-23T11:35:23","date_gmt":"2025-06-23T09:35:23","guid":{"rendered":"https:\/\/agora.xtec.cat\/esc-renaixencahostalets\/?p=21788"},"modified":"2025-06-23T11:35:23","modified_gmt":"2025-06-23T09:35:23","slug":"presentacio-a-p6-del-kit-menstrual-la-menstrucs","status":"publish","type":"post","link":"https:\/\/agora.xtec.cat\/esc-renaixencahostalets\/general\/presentacio-a-p6-del-kit-menstrual-la-menstrucs\/","title":{"rendered":"Presentaci\u00f3 a P6 del kit menstrual &#8220;la MensTr\u00facs&#8221;"},"content":{"rendered":"<p>El passat dijous 19 de juny l&#8217;Agn\u00e8s i la B\u00e0rbara d&#8217;Artemeia van presentar a l&#8217;alumnat de P6 A i P6 B un kit menstrual, anomenat la MensTr\u00facs. \u00c9s una capsa de cartr\u00f3 que representa un espai per viure la menstruaci\u00f3 amb m\u00e9s comoditat a l&#8217;institut-escola. Dins, s&#8217;hi troben diversos productes i recomanacions relacionades amb la menstruaci\u00f3: Un sac de llavors, oli essencial d&#8217;esp\u00edgol, compreses, tampons, infusions de tres tipus, adhesius, un parell de llibres relacionats amb la menstruaci\u00f3, una guia de productes menstruals, el comod\u00ed menstrual, un diari d&#8217;an\u00e8cdotes i una bosseta amb idees per alleugerar el dolor. Aquesta iniciativa ha estat possible gr\u00e0cies a la col\u00b7laboraci\u00f3 de l&#8217;Ajuntament dels Hostalets de Pierola, que ha donat suport a projectes que promouen l&#8217;educaci\u00f3, la salut i el benestar de la joventut.<\/p>\n<p><img loading=\"lazy\" decoding=\"async\" class=\"aligncenter size-full wp-image-21790\" src=\"https:\/\/agora.xtec.cat\/esc-renaixencahostalets\/wp-content\/uploads\/usu1823\/2025\/06\/KIT-MENSTRUAL.png\" alt=\"\" width=\"1584\" height=\"396\" srcset=\"https:\/\/agora.xtec.cat\/esc-renaixencahostalets\/wp-content\/uploads\/usu1823\/2025\/06\/KIT-MENSTRUAL.png 1584w, https:\/\/agora.xtec.cat\/esc-renaixencahostalets\/wp-content\/uploads\/usu1823\/2025\/06\/KIT-MENSTRUAL-300x75.png 300w, https:\/\/agora.xtec.cat\/esc-renaixencahostalets\/wp-content\/uploads\/usu1823\/2025\/06\/KIT-MENSTRUAL-1024x256.png 1024w, https:\/\/agora.xtec.cat\/esc-renaixencahostalets\/wp-content\/uploads\/usu1823\/2025\/06\/KIT-MENSTRUAL-768x192.png 768w, https:\/\/agora.xtec.cat\/esc-renaixencahostalets\/wp-content\/uploads\/usu1823\/2025\/06\/KIT-MENSTRUAL-1536x384.png 1536w\" sizes=\"auto, (max-width: 1584px) 100vw, 1584px\" \/><\/p>\n","protected":false},"excerpt":{"rendered":"<p>El passat dijous 19 de juny l&#8217;Agn\u00e8s i la B\u00e0rbara d&#8217;Artemeia van presentar a l&#8217;alumnat de P6 A i P6 B un kit menstrual, anomenat la MensTr\u00facs.&hellip;  <a href=\"https:\/\/agora.xtec.cat\/esc-renaixencahostalets\/general\/presentacio-a-p6-del-kit-menstrual-la-menstrucs\/\" title=\"Read Presentaci\u00f3 a P6 del kit menstrual &#8220;la MensTr\u00facs&#8221;\">Llegeix m\u00e9s\u00bb<\/a><\/p>\n","protected":false},"author":26,"featured_media":21789,"comment_status":"closed","ping_status":"closed","sticky":false,"template":"","format":"standard","meta":{"_bbp_topic_count":0,"_bbp_reply_count":0,"_bbp_total_topic_count":0,"_bbp_total_reply_count":0,"_bbp_voice_count":0,"_bbp_anonymous_reply_count":0,"_bbp_topic_count_hidden":0,"_bbp_reply_count_hidden":0,"_bbp_forum_subforum_count":0,"footnotes":""},"categories":[140,1],"tags":[],"class_list":["post-21788","post","type-post","status-publish","format-standard","has-post-thumbnail","hentry","category-coeducacio","category-general"],"post_mailing_queue_ids":[],"_links":{"self":[{"href":"https:\/\/agora.xtec.cat\/esc-renaixencahostalets\/wp-json\/wp\/v2\/posts\/21788","targetHints":{"allow":["GET"]}}],"collection":[{"href":"https:\/\/agora.xtec.cat\/esc-renaixencahostalets\/wp-json\/wp\/v2\/posts"}],"about":[{"href":"https:\/\/agora.xtec.cat\/esc-renaixencahostalets\/wp-json\/wp\/v2\/types\/post"}],"author":[{"embeddable":true,"href":"https:\/\/agora.xtec.cat\/esc-renaixencahostalets\/wp-json\/wp\/v2\/users\/26"}],"replies":[{"embeddable":true,"href":"https:\/\/agora.xtec.cat\/esc-renaixencahostalets\/wp-json\/wp\/v2\/comments?post=21788"}],"version-history":[{"count":1,"href":"https:\/\/agora.xtec.cat\/esc-renaixencahostalets\/wp-json\/wp\/v2\/posts\/21788\/revisions"}],"predecessor-version":[{"id":21791,"href":"https:\/\/agora.xtec.cat\/esc-renaixencahostalets\/wp-json\/wp\/v2\/posts\/21788\/revisions\/21791"}],"wp:featuredmedia":[{"embeddable":true,"href":"https:\/\/agora.xtec.cat\/esc-renaixencahostalets\/wp-json\/wp\/v2\/media\/21789"}],"wp:attachment":[{"href":"https:\/\/agora.xtec.cat\/esc-renaixencahostalets\/wp-json\/wp\/v2\/media?parent=21788"}],"wp:term":[{"taxonomy":"category","embeddable":true,"href":"https:\/\/agora.xtec.cat\/esc-renaixencahostalets\/wp-json\/wp\/v2\/categories?post=21788"},{"taxonomy":"post_tag","embeddable":true,"href":"https:\/\/agora.xtec.cat\/esc-renaixencahostalets\/wp-json\/wp\/v2\/tags?post=21788"}],"curies":[{"name":"wp","href":"https:\/\/api.w.org\/{rel}","templated":true}]}}