{"id":21783,"date":"2025-06-23T10:21:57","date_gmt":"2025-06-23T08:21:57","guid":{"rendered":"https:\/\/agora.xtec.cat\/esc-renaixencahostalets\/?p=21783"},"modified":"2025-10-16T16:54:22","modified_gmt":"2025-10-16T14:54:22","slug":"val-escolar-25-26","status":"publish","type":"post","link":"https:\/\/agora.xtec.cat\/esc-renaixencahostalets\/general\/val-escolar-25-26\/","title":{"rendered":"Val escolar 25\/26"},"content":{"rendered":"<p><img loading=\"lazy\" decoding=\"async\" class=\"alignnone size-full wp-image-21784\" src=\"https:\/\/agora.xtec.cat\/esc-renaixencahostalets\/wp-content\/uploads\/usu1823\/2025\/06\/val-escolar.jpg\" alt=\"\" width=\"276\" height=\"182\" \/><\/p>\n<p data-pm-slice=\"1 1 []\">Benvolgudes fam\u00edlies<\/p>\n<p>Ja s&#8217;ha\u00a0iniciat la campanya d\u2019<strong>ajuts de<\/strong> <strong>60\u20ac<\/strong> per a material escolar pel curs 2025-2026 i les fam\u00edlies benefici\u00e0ries d&#8217;Educaci\u00f3 Prim\u00e0ria comen\u00e7aran a rebre els vals de als seus domicilis i els podran activar a trav\u00e9s de la web del val escolar: <a href=\"https:\/\/valescolar.cat\/\" target=\"_blank\" rel=\"noreferrer noopener\">enlla\u00e7 web val escolar<\/a><\/p>\n<p><strong>Quin termini teniu per cedir el vals?<\/strong><\/p>\n<p>La cessi\u00f3 de vals al centre finalitza el <strong>19 de setembre<\/strong>. Recordeu que, si cediu els vals, ho heu de fer al centre on es matricular\u00e0 l&#8217;alumne o alumna al curs 2025-2026 i que superada aquesta data els hauran de bescanviar obligat\u00f2riament en establiments adherits a la campanya.<strong>\u00a0La cessi\u00f3 de vals escolars \u00e9s irreversible.<\/strong><\/p>\n<p><strong>Qu\u00e8 puc comprar amb els vals?<\/strong><\/p>\n<p>Aquests vals s&#8217;hauran de bescanviar per elements d&#8217;escriptura, papereria, motxilles, estoigs, llibres, calculadores i jocs educatius, roba esportiva.. Consulteu els establiments col\u00b7laboradors d&#8217;Els Hostalets de Pierola, Piera, Masquefa.<\/p>\n<p>Si no disposeu del n\u00famero RALC per tramitar els vals , el podeu sol\u00b7licitar a secretaria. Recordeu, per\u00f2, que el curs passat us vam facilitar el document oficial on apareix.<\/p>\n<p>&nbsp;<\/p>\n<p>&nbsp;<\/p>\n","protected":false},"excerpt":{"rendered":"<p>Benvolgudes fam\u00edlies<br \/>\nJa s&#8217;ha\u00a0iniciat la campanya d\u2019ajuts de 60\u20ac per a material escolar pel curs 2025-2026 i les fam\u00edlies benefici\u00e0ries d&#8217;Educaci\u00f3 Prim\u00e0ria comen\u00e7aran a rebre els vals de als seus domicilis i els podran activar a trav\u00e9s de la web del val escolar: <a href=\"https:\/\/valescolar.cat\/\" target=\"_blank\"&hellip;  <a href=\"https:\/\/agora.xtec.cat\/esc-renaixencahostalets\/general\/val-escolar-25-26\/\" title=\"Read Val escolar 25\/26\">Llegeix m\u00e9s\u00bb<\/a><\/p>\n","protected":false},"author":5,"featured_media":21784,"comment_status":"open","ping_status":"open","sticky":false,"template":"","format":"standard","meta":{"_bbp_topic_count":0,"_bbp_reply_count":0,"_bbp_total_topic_count":0,"_bbp_total_reply_count":0,"_bbp_voice_count":0,"_bbp_anonymous_reply_count":0,"_bbp_topic_count_hidden":0,"_bbp_reply_count_hidden":0,"_bbp_forum_subforum_count":0,"footnotes":""},"categories":[1],"tags":[],"class_list":["post-21783","post","type-post","status-publish","format-standard","has-post-thumbnail","hentry","category-general"],"post_mailing_queue_ids":[],"_links":{"self":[{"href":"https:\/\/agora.xtec.cat\/esc-renaixencahostalets\/wp-json\/wp\/v2\/posts\/21783","targetHints":{"allow":["GET"]}}],"collection":[{"href":"https:\/\/agora.xtec.cat\/esc-renaixencahostalets\/wp-json\/wp\/v2\/posts"}],"about":[{"href":"https:\/\/agora.xtec.cat\/esc-renaixencahostalets\/wp-json\/wp\/v2\/types\/post"}],"author":[{"embeddable":true,"href":"https:\/\/agora.xtec.cat\/esc-renaixencahostalets\/wp-json\/wp\/v2\/users\/5"}],"replies":[{"embeddable":true,"href":"https:\/\/agora.xtec.cat\/esc-renaixencahostalets\/wp-json\/wp\/v2\/comments?post=21783"}],"version-history":[{"count":1,"href":"https:\/\/agora.xtec.cat\/esc-renaixencahostalets\/wp-json\/wp\/v2\/posts\/21783\/revisions"}],"predecessor-version":[{"id":21785,"href":"https:\/\/agora.xtec.cat\/esc-renaixencahostalets\/wp-json\/wp\/v2\/posts\/21783\/revisions\/21785"}],"wp:featuredmedia":[{"embeddable":true,"href":"https:\/\/agora.xtec.cat\/esc-renaixencahostalets\/wp-json\/wp\/v2\/media\/21784"}],"wp:attachment":[{"href":"https:\/\/agora.xtec.cat\/esc-renaixencahostalets\/wp-json\/wp\/v2\/media?parent=21783"}],"wp:term":[{"taxonomy":"category","embeddable":true,"href":"https:\/\/agora.xtec.cat\/esc-renaixencahostalets\/wp-json\/wp\/v2\/categories?post=21783"},{"taxonomy":"post_tag","embeddable":true,"href":"https:\/\/agora.xtec.cat\/esc-renaixencahostalets\/wp-json\/wp\/v2\/tags?post=21783"}],"curies":[{"name":"wp","href":"https:\/\/api.w.org\/{rel}","templated":true}]}}