{"id":21743,"date":"2025-05-30T07:59:16","date_gmt":"2025-05-30T05:59:16","guid":{"rendered":"https:\/\/agora.xtec.cat\/esc-renaixencahostalets\/?p=21743"},"modified":"2025-05-30T07:59:16","modified_gmt":"2025-05-30T05:59:16","slug":"cicle-mitja-va-a-les-cases-blanques","status":"publish","type":"post","link":"https:\/\/agora.xtec.cat\/esc-renaixencahostalets\/general\/cicle-mitja-va-a-les-cases-blanques\/","title":{"rendered":"Cicle mitj\u00e0 va a Les Cases Blanques"},"content":{"rendered":"<p>El dijous 22 de maig l&#8217;alumnat de P3 i P4 va fer una sortida a Les Cases Blanques (l&#8217;Arbo\u00e7ar). Van dur a terme dues activitats. Per una banda, al mat\u00ed van fer una cursa d\u2019orientaci\u00f3, una activitat esportiva en qu\u00e8 l\u2019alumnat va treballar en equips petits amb un mapa de la finca. Per altra banda, despr\u00e9s de dinar van fer ioga en grup. L\u2019alumnat va viure una sessi\u00f3 de ioga diferent, amb globus i reflexions. En aquest entorn fant\u00e0stic i amb una temperatura ideal van gaudir molt d&#8217;aquesta \u00faltima sortida del curs que ha sigut, a m\u00e9s a m\u00e9s, el punt final de tot el treball fet d&#8217;orientaci\u00f3 a les sessions d&#8217;educaci\u00f3 f\u00edsica.<\/p>\n<p><img loading=\"lazy\" decoding=\"async\" class=\"aligncenter size-large wp-image-21744\" src=\"https:\/\/agora.xtec.cat\/esc-renaixencahostalets\/wp-content\/uploads\/usu1823\/2025\/05\/Cases-blanques-1024x410.png\" alt=\"\" width=\"1024\" height=\"410\" srcset=\"https:\/\/agora.xtec.cat\/esc-renaixencahostalets\/wp-content\/uploads\/usu1823\/2025\/05\/Cases-blanques-1024x410.png 1024w, https:\/\/agora.xtec.cat\/esc-renaixencahostalets\/wp-content\/uploads\/usu1823\/2025\/05\/Cases-blanques-300x120.png 300w, https:\/\/agora.xtec.cat\/esc-renaixencahostalets\/wp-content\/uploads\/usu1823\/2025\/05\/Cases-blanques-768x307.png 768w, https:\/\/agora.xtec.cat\/esc-renaixencahostalets\/wp-content\/uploads\/usu1823\/2025\/05\/Cases-blanques.png 1200w\" sizes=\"auto, (max-width: 1024px) 100vw, 1024px\" \/><\/p>\n","protected":false},"excerpt":{"rendered":"<p>El dijous 22 de maig l&#8217;alumnat de P3 i P4 va fer una sortida a Les Cases Blanques. Van fer una activitat d&#8217;orientaci\u00f3 i una altra de ioga en grup.&hellip;  <a href=\"https:\/\/agora.xtec.cat\/esc-renaixencahostalets\/general\/cicle-mitja-va-a-les-cases-blanques\/\" title=\"Read Cicle mitj\u00e0 va a Les Cases Blanques\">Llegeix m\u00e9s\u00bb<\/a><\/p>\n","protected":false},"author":26,"featured_media":21744,"comment_status":"closed","ping_status":"closed","sticky":false,"template":"","format":"standard","meta":{"_bbp_topic_count":0,"_bbp_reply_count":0,"_bbp_total_topic_count":0,"_bbp_total_reply_count":0,"_bbp_voice_count":0,"_bbp_anonymous_reply_count":0,"_bbp_topic_count_hidden":0,"_bbp_reply_count_hidden":0,"_bbp_forum_subforum_count":0,"footnotes":""},"categories":[154,1],"tags":[],"class_list":["post-21743","post","type-post","status-publish","format-standard","has-post-thumbnail","hentry","category-educacio-fisica","category-general"],"post_mailing_queue_ids":[],"_links":{"self":[{"href":"https:\/\/agora.xtec.cat\/esc-renaixencahostalets\/wp-json\/wp\/v2\/posts\/21743","targetHints":{"allow":["GET"]}}],"collection":[{"href":"https:\/\/agora.xtec.cat\/esc-renaixencahostalets\/wp-json\/wp\/v2\/posts"}],"about":[{"href":"https:\/\/agora.xtec.cat\/esc-renaixencahostalets\/wp-json\/wp\/v2\/types\/post"}],"author":[{"embeddable":true,"href":"https:\/\/agora.xtec.cat\/esc-renaixencahostalets\/wp-json\/wp\/v2\/users\/26"}],"replies":[{"embeddable":true,"href":"https:\/\/agora.xtec.cat\/esc-renaixencahostalets\/wp-json\/wp\/v2\/comments?post=21743"}],"version-history":[{"count":1,"href":"https:\/\/agora.xtec.cat\/esc-renaixencahostalets\/wp-json\/wp\/v2\/posts\/21743\/revisions"}],"predecessor-version":[{"id":21745,"href":"https:\/\/agora.xtec.cat\/esc-renaixencahostalets\/wp-json\/wp\/v2\/posts\/21743\/revisions\/21745"}],"wp:featuredmedia":[{"embeddable":true,"href":"https:\/\/agora.xtec.cat\/esc-renaixencahostalets\/wp-json\/wp\/v2\/media\/21744"}],"wp:attachment":[{"href":"https:\/\/agora.xtec.cat\/esc-renaixencahostalets\/wp-json\/wp\/v2\/media?parent=21743"}],"wp:term":[{"taxonomy":"category","embeddable":true,"href":"https:\/\/agora.xtec.cat\/esc-renaixencahostalets\/wp-json\/wp\/v2\/categories?post=21743"},{"taxonomy":"post_tag","embeddable":true,"href":"https:\/\/agora.xtec.cat\/esc-renaixencahostalets\/wp-json\/wp\/v2\/tags?post=21743"}],"curies":[{"name":"wp","href":"https:\/\/api.w.org\/{rel}","templated":true}]}}