{"id":21717,"date":"2025-05-22T09:21:37","date_gmt":"2025-05-22T07:21:37","guid":{"rendered":"https:\/\/agora.xtec.cat\/esc-renaixencahostalets\/?p=21717"},"modified":"2025-05-22T09:25:22","modified_gmt":"2025-05-22T07:25:22","slug":"conta-contes-amb-les-families","status":"publish","type":"post","link":"https:\/\/agora.xtec.cat\/esc-renaixencahostalets\/general\/conta-contes-amb-les-families\/","title":{"rendered":"Conta contes amb les fam\u00edlies"},"content":{"rendered":"<p>Aquest \u00faltim trimestre, l&#8217;alumnat d&#8217;Educaci\u00f3 Infantil ha gaudit d&#8217;una activitat molt especial: les sessions de conta contes amb la Laia Forcadell.<\/p>\n<p><span style=\"font-family: verdana, sans-serif;\">La Laia, ens visita per oferir-nos una estona m\u00e0gica de contes i emocions, compartida amb les fam\u00edlies. Cada grup classe participa en una sessi\u00f3 d\u2019una hora aproximadament, on petits i grans s\u2019endinsen plegats en mons imaginaris, plens de paraules, sons i somriures.<\/span><\/p>\n<p><span style=\"font-family: verdana, sans-serif;\">Aquesta activitat tan enriquidora ha estat possible gr\u00e0cies al suport de l\u2019Ajuntament dels Hostalets de Pierola, que<span class=\"gmail_default\">\u00a0<\/span>p<span class=\"gmail_default\">romou aquest activitats des de ja fa molts anys.<\/span><\/span><\/p>\n<p><a href=\"https:\/\/agora.xtec.cat\/esc-renaixencahostalets\/wp-content\/uploads\/usu1823\/2025\/05\/WhatsApp-Image-2025-05-20-at-15.14.40-1.jpeg\"><img loading=\"lazy\" decoding=\"async\" class=\"wp-image-21718 aligncenter\" src=\"https:\/\/agora.xtec.cat\/esc-renaixencahostalets\/wp-content\/uploads\/usu1823\/2025\/05\/WhatsApp-Image-2025-05-20-at-15.14.40-1-1024x769.jpeg\" alt=\"\" width=\"408\" height=\"306\" srcset=\"https:\/\/agora.xtec.cat\/esc-renaixencahostalets\/wp-content\/uploads\/usu1823\/2025\/05\/WhatsApp-Image-2025-05-20-at-15.14.40-1-1024x769.jpeg 1024w, https:\/\/agora.xtec.cat\/esc-renaixencahostalets\/wp-content\/uploads\/usu1823\/2025\/05\/WhatsApp-Image-2025-05-20-at-15.14.40-1-300x225.jpeg 300w, https:\/\/agora.xtec.cat\/esc-renaixencahostalets\/wp-content\/uploads\/usu1823\/2025\/05\/WhatsApp-Image-2025-05-20-at-15.14.40-1-768x577.jpeg 768w, https:\/\/agora.xtec.cat\/esc-renaixencahostalets\/wp-content\/uploads\/usu1823\/2025\/05\/WhatsApp-Image-2025-05-20-at-15.14.40-1-1536x1154.jpeg 1536w, https:\/\/agora.xtec.cat\/esc-renaixencahostalets\/wp-content\/uploads\/usu1823\/2025\/05\/WhatsApp-Image-2025-05-20-at-15.14.40-1-200x150.jpeg 200w, https:\/\/agora.xtec.cat\/esc-renaixencahostalets\/wp-content\/uploads\/usu1823\/2025\/05\/WhatsApp-Image-2025-05-20-at-15.14.40-1.jpeg 1640w\" sizes=\"auto, (max-width: 408px) 100vw, 408px\" \/><\/a><\/p>\n","protected":false},"excerpt":{"rendered":"<p>Aquest \u00faltim trimestre, l&#8217;alumnat d&#8217;Educaci\u00f3 Infantil ha gaudit d&#8217;una activitat molt especial: les sessions de conta contes amb la Laia Forcadell.<br \/>\nLa Laia, ens visita per oferir-nos una estona m\u00e0gica de contes i emocions, compartida amb les fam\u00edlies. Cada grup classe participa en una sessi\u00f3 d\u2019una&hellip;  <a href=\"https:\/\/agora.xtec.cat\/esc-renaixencahostalets\/general\/conta-contes-amb-les-families\/\" title=\"Read Conta contes amb les fam\u00edlies\">Llegeix m\u00e9s\u00bb<\/a><\/p>\n","protected":false},"author":107,"featured_media":0,"comment_status":"open","ping_status":"closed","sticky":false,"template":"","format":"standard","meta":{"_bbp_topic_count":0,"_bbp_reply_count":0,"_bbp_total_topic_count":0,"_bbp_total_reply_count":0,"_bbp_voice_count":0,"_bbp_anonymous_reply_count":0,"_bbp_topic_count_hidden":0,"_bbp_reply_count_hidden":0,"_bbp_forum_subforum_count":0,"footnotes":""},"categories":[1,3,8,9],"tags":[],"class_list":["post-21717","post","type-post","status-publish","format-standard","hentry","category-general","category-i3","category-i4","category-i5"],"post_mailing_queue_ids":[],"_links":{"self":[{"href":"https:\/\/agora.xtec.cat\/esc-renaixencahostalets\/wp-json\/wp\/v2\/posts\/21717","targetHints":{"allow":["GET"]}}],"collection":[{"href":"https:\/\/agora.xtec.cat\/esc-renaixencahostalets\/wp-json\/wp\/v2\/posts"}],"about":[{"href":"https:\/\/agora.xtec.cat\/esc-renaixencahostalets\/wp-json\/wp\/v2\/types\/post"}],"author":[{"embeddable":true,"href":"https:\/\/agora.xtec.cat\/esc-renaixencahostalets\/wp-json\/wp\/v2\/users\/107"}],"replies":[{"embeddable":true,"href":"https:\/\/agora.xtec.cat\/esc-renaixencahostalets\/wp-json\/wp\/v2\/comments?post=21717"}],"version-history":[{"count":3,"href":"https:\/\/agora.xtec.cat\/esc-renaixencahostalets\/wp-json\/wp\/v2\/posts\/21717\/revisions"}],"predecessor-version":[{"id":21722,"href":"https:\/\/agora.xtec.cat\/esc-renaixencahostalets\/wp-json\/wp\/v2\/posts\/21717\/revisions\/21722"}],"wp:attachment":[{"href":"https:\/\/agora.xtec.cat\/esc-renaixencahostalets\/wp-json\/wp\/v2\/media?parent=21717"}],"wp:term":[{"taxonomy":"category","embeddable":true,"href":"https:\/\/agora.xtec.cat\/esc-renaixencahostalets\/wp-json\/wp\/v2\/categories?post=21717"},{"taxonomy":"post_tag","embeddable":true,"href":"https:\/\/agora.xtec.cat\/esc-renaixencahostalets\/wp-json\/wp\/v2\/tags?post=21717"}],"curies":[{"name":"wp","href":"https:\/\/api.w.org\/{rel}","templated":true}]}}