{"id":21711,"date":"2025-05-22T09:19:37","date_gmt":"2025-05-22T07:19:37","guid":{"rendered":"https:\/\/agora.xtec.cat\/esc-renaixencahostalets\/?p=21711"},"modified":"2025-05-30T08:01:26","modified_gmt":"2025-05-30T06:01:26","slug":"educacio-viaria","status":"publish","type":"post","link":"https:\/\/agora.xtec.cat\/esc-renaixencahostalets\/general\/educacio-viaria\/","title":{"rendered":"Educaci\u00f3 Vi\u00e0ria"},"content":{"rendered":"<div><\/div>\n<div class=\"gmail_default\">\n<div>\n<div class=\"gmail_default\">\n<p>Dimarts 20 de maig vam tenir una visita molt especial. La Gu\u00e0rdia Municipal del nostre Ajuntament va venir a fer un taller d&#8217;Educaci\u00f3 Vi\u00e0ria amb els m\u00e9s petits del centre.<\/p>\n<p>Els infants d\u2019Educaci\u00f3 Infantil van gaudir d\u2019una jornada plena d\u2019aprenentatges i diversi\u00f3. Per a l\u2019ocasi\u00f3, van portar els seus vehicles (bicis, patins i motos) i es van convertir en petits conductors i conductores durant una estona.<\/p>\n<p>A la pista, es va muntar un circuit viari amb senyals de tr\u00e0nsit reals, on els nens i nenes havien de circular respectant les indicacions, els passos de vianants i les normes b\u00e0siques de circulaci\u00f3. Amb l\u2019ajuda dels agents municipals i les mestres, van aprendre la import\u00e0ncia de ser prudents, tant si van a peu com si condueixen algun vehicle.<\/p>\n<p>Per acabar l\u2019activitat, i com a reconeixement per la seva atenci\u00f3 durant el taller, cada infant va rebre un carnet de bon conductor. Aquest petit detall els va fer molta il\u00b7lusi\u00f3 i va refor\u00e7ar encara m\u00e9s els aprenentatges adquirits.<\/p>\n<p>Va ser una activitat molt enriquidora que va combinar el joc amb l\u2019educaci\u00f3 en valors i la seguretat.<\/p>\n<\/div>\n<\/div>\n<p><a href=\"https:\/\/agora.xtec.cat\/esc-renaixencahostalets\/wp-content\/uploads\/usu1823\/2025\/05\/0be6a3a6-a914-4f46-9777-26570e780acc-scaled.jpg\"><img loading=\"lazy\" decoding=\"async\" class=\"wp-image-21712 aligncenter\" src=\"https:\/\/agora.xtec.cat\/esc-renaixencahostalets\/wp-content\/uploads\/usu1823\/2025\/05\/0be6a3a6-a914-4f46-9777-26570e780acc-1024x768.jpg\" alt=\"\" width=\"591\" height=\"443\" srcset=\"https:\/\/agora.xtec.cat\/esc-renaixencahostalets\/wp-content\/uploads\/usu1823\/2025\/05\/0be6a3a6-a914-4f46-9777-26570e780acc-1024x768.jpg 1024w, https:\/\/agora.xtec.cat\/esc-renaixencahostalets\/wp-content\/uploads\/usu1823\/2025\/05\/0be6a3a6-a914-4f46-9777-26570e780acc-300x225.jpg 300w, https:\/\/agora.xtec.cat\/esc-renaixencahostalets\/wp-content\/uploads\/usu1823\/2025\/05\/0be6a3a6-a914-4f46-9777-26570e780acc-768x576.jpg 768w, https:\/\/agora.xtec.cat\/esc-renaixencahostalets\/wp-content\/uploads\/usu1823\/2025\/05\/0be6a3a6-a914-4f46-9777-26570e780acc-1536x1152.jpg 1536w, https:\/\/agora.xtec.cat\/esc-renaixencahostalets\/wp-content\/uploads\/usu1823\/2025\/05\/0be6a3a6-a914-4f46-9777-26570e780acc-2048x1536.jpg 2048w, https:\/\/agora.xtec.cat\/esc-renaixencahostalets\/wp-content\/uploads\/usu1823\/2025\/05\/0be6a3a6-a914-4f46-9777-26570e780acc-200x150.jpg 200w\" sizes=\"auto, (max-width: 591px) 100vw, 591px\" \/><\/a><\/p>\n<\/div>\n","protected":false},"excerpt":{"rendered":"<p>La Gu\u00e0rdia Municipal del nostre Ajuntament va venir a fer un taller d&#8217;Educaci\u00f3 Vi\u00e0ria amb els m\u00e9s petits del centre el dimarts 20 de maig. &hellip;  <a href=\"https:\/\/agora.xtec.cat\/esc-renaixencahostalets\/general\/educacio-viaria\/\" title=\"Read Educaci\u00f3 Vi\u00e0ria\">Llegeix m\u00e9s\u00bb<\/a><\/p>\n","protected":false},"author":107,"featured_media":21746,"comment_status":"closed","ping_status":"closed","sticky":false,"template":"","format":"standard","meta":{"_bbp_topic_count":0,"_bbp_reply_count":0,"_bbp_total_topic_count":0,"_bbp_total_reply_count":0,"_bbp_voice_count":0,"_bbp_anonymous_reply_count":0,"_bbp_topic_count_hidden":0,"_bbp_reply_count_hidden":0,"_bbp_forum_subforum_count":0,"footnotes":""},"categories":[1,3,8,9],"tags":[],"class_list":["post-21711","post","type-post","status-publish","format-standard","has-post-thumbnail","hentry","category-general","category-i3","category-i4","category-i5"],"post_mailing_queue_ids":[],"_links":{"self":[{"href":"https:\/\/agora.xtec.cat\/esc-renaixencahostalets\/wp-json\/wp\/v2\/posts\/21711","targetHints":{"allow":["GET"]}}],"collection":[{"href":"https:\/\/agora.xtec.cat\/esc-renaixencahostalets\/wp-json\/wp\/v2\/posts"}],"about":[{"href":"https:\/\/agora.xtec.cat\/esc-renaixencahostalets\/wp-json\/wp\/v2\/types\/post"}],"author":[{"embeddable":true,"href":"https:\/\/agora.xtec.cat\/esc-renaixencahostalets\/wp-json\/wp\/v2\/users\/107"}],"replies":[{"embeddable":true,"href":"https:\/\/agora.xtec.cat\/esc-renaixencahostalets\/wp-json\/wp\/v2\/comments?post=21711"}],"version-history":[{"count":6,"href":"https:\/\/agora.xtec.cat\/esc-renaixencahostalets\/wp-json\/wp\/v2\/posts\/21711\/revisions"}],"predecessor-version":[{"id":21747,"href":"https:\/\/agora.xtec.cat\/esc-renaixencahostalets\/wp-json\/wp\/v2\/posts\/21711\/revisions\/21747"}],"wp:featuredmedia":[{"embeddable":true,"href":"https:\/\/agora.xtec.cat\/esc-renaixencahostalets\/wp-json\/wp\/v2\/media\/21746"}],"wp:attachment":[{"href":"https:\/\/agora.xtec.cat\/esc-renaixencahostalets\/wp-json\/wp\/v2\/media?parent=21711"}],"wp:term":[{"taxonomy":"category","embeddable":true,"href":"https:\/\/agora.xtec.cat\/esc-renaixencahostalets\/wp-json\/wp\/v2\/categories?post=21711"},{"taxonomy":"post_tag","embeddable":true,"href":"https:\/\/agora.xtec.cat\/esc-renaixencahostalets\/wp-json\/wp\/v2\/tags?post=21711"}],"curies":[{"name":"wp","href":"https:\/\/api.w.org\/{rel}","templated":true}]}}