{"id":21654,"date":"2025-04-30T15:40:34","date_gmt":"2025-04-30T13:40:34","guid":{"rendered":"https:\/\/agora.xtec.cat\/esc-renaixencahostalets\/?p=21654"},"modified":"2025-04-30T15:40:57","modified_gmt":"2025-04-30T13:40:57","slug":"orientacio-pel-bosc-de-can-valls-amb-p3","status":"publish","type":"post","link":"https:\/\/agora.xtec.cat\/esc-renaixencahostalets\/general\/orientacio-pel-bosc-de-can-valls-amb-p3\/","title":{"rendered":"Orientaci\u00f3 pel bosc de Can Valls amb P3"},"content":{"rendered":"<p>Ahir l\u2019alumnat de P3 va fer una cursa d\u2019orientaci\u00f3 utilitzant un mapa per convertir-se en uns grans exploradors i exploradores despr\u00e9s de trobar 10 fites pel bosc de Can Valls. Respecte, treball en equip, companyonia, amistat, esfor\u00e7 i cooperaci\u00f3 s\u00f3n algunes de les paraules que els i les alumnes han considerat que defineixen els valors que han posat en pr\u00e0ctica en aquesta activitat final. A m\u00e9s a m\u00e9s, ha servit per dotar de sentit tot el que s\u2019ha treballat des de l\u2019\u00e0rea d\u2019educaci\u00f3 f\u00edsica aquestes \u00faltimes sessions.<\/p>\n<p><img loading=\"lazy\" decoding=\"async\" class=\"aligncenter size-full wp-image-21655\" src=\"https:\/\/agora.xtec.cat\/esc-renaixencahostalets\/wp-content\/uploads\/usu1823\/2025\/04\/o.png\" alt=\"\" width=\"1364\" height=\"296\" srcset=\"https:\/\/agora.xtec.cat\/esc-renaixencahostalets\/wp-content\/uploads\/usu1823\/2025\/04\/o.png 1364w, https:\/\/agora.xtec.cat\/esc-renaixencahostalets\/wp-content\/uploads\/usu1823\/2025\/04\/o-300x65.png 300w, https:\/\/agora.xtec.cat\/esc-renaixencahostalets\/wp-content\/uploads\/usu1823\/2025\/04\/o-1024x222.png 1024w, https:\/\/agora.xtec.cat\/esc-renaixencahostalets\/wp-content\/uploads\/usu1823\/2025\/04\/o-768x167.png 768w\" sizes=\"auto, (max-width: 1364px) 100vw, 1364px\" \/><\/p>\n","protected":false},"excerpt":{"rendered":"<p>Ahir l&#8217;alumnat de P3 va fer una sortida al bosc per fer una activitat d&#8217;orientaci\u00f3. Van aconseguir completar el recorregut trobant 10 fites!&hellip;  <a href=\"https:\/\/agora.xtec.cat\/esc-renaixencahostalets\/general\/orientacio-pel-bosc-de-can-valls-amb-p3\/\" title=\"Read Orientaci\u00f3 pel bosc de Can Valls amb P3\">Llegeix m\u00e9s\u00bb<\/a><\/p>\n","protected":false},"author":26,"featured_media":21656,"comment_status":"closed","ping_status":"closed","sticky":false,"template":"","format":"standard","meta":{"_bbp_topic_count":0,"_bbp_reply_count":0,"_bbp_total_topic_count":0,"_bbp_total_reply_count":0,"_bbp_voice_count":0,"_bbp_anonymous_reply_count":0,"_bbp_topic_count_hidden":0,"_bbp_reply_count_hidden":0,"_bbp_forum_subforum_count":0,"footnotes":""},"categories":[154,1],"tags":[],"class_list":["post-21654","post","type-post","status-publish","format-standard","has-post-thumbnail","hentry","category-educacio-fisica","category-general"],"post_mailing_queue_ids":[],"_links":{"self":[{"href":"https:\/\/agora.xtec.cat\/esc-renaixencahostalets\/wp-json\/wp\/v2\/posts\/21654","targetHints":{"allow":["GET"]}}],"collection":[{"href":"https:\/\/agora.xtec.cat\/esc-renaixencahostalets\/wp-json\/wp\/v2\/posts"}],"about":[{"href":"https:\/\/agora.xtec.cat\/esc-renaixencahostalets\/wp-json\/wp\/v2\/types\/post"}],"author":[{"embeddable":true,"href":"https:\/\/agora.xtec.cat\/esc-renaixencahostalets\/wp-json\/wp\/v2\/users\/26"}],"replies":[{"embeddable":true,"href":"https:\/\/agora.xtec.cat\/esc-renaixencahostalets\/wp-json\/wp\/v2\/comments?post=21654"}],"version-history":[{"count":1,"href":"https:\/\/agora.xtec.cat\/esc-renaixencahostalets\/wp-json\/wp\/v2\/posts\/21654\/revisions"}],"predecessor-version":[{"id":21657,"href":"https:\/\/agora.xtec.cat\/esc-renaixencahostalets\/wp-json\/wp\/v2\/posts\/21654\/revisions\/21657"}],"wp:featuredmedia":[{"embeddable":true,"href":"https:\/\/agora.xtec.cat\/esc-renaixencahostalets\/wp-json\/wp\/v2\/media\/21656"}],"wp:attachment":[{"href":"https:\/\/agora.xtec.cat\/esc-renaixencahostalets\/wp-json\/wp\/v2\/media?parent=21654"}],"wp:term":[{"taxonomy":"category","embeddable":true,"href":"https:\/\/agora.xtec.cat\/esc-renaixencahostalets\/wp-json\/wp\/v2\/categories?post=21654"},{"taxonomy":"post_tag","embeddable":true,"href":"https:\/\/agora.xtec.cat\/esc-renaixencahostalets\/wp-json\/wp\/v2\/tags?post=21654"}],"curies":[{"name":"wp","href":"https:\/\/api.w.org\/{rel}","templated":true}]}}