{"id":21653,"date":"2025-05-06T09:08:53","date_gmt":"2025-05-06T07:08:53","guid":{"rendered":"https:\/\/agora.xtec.cat\/esc-renaixencahostalets\/?p=21653"},"modified":"2025-05-06T09:08:58","modified_gmt":"2025-05-06T07:08:58","slug":"xerrada-educacio-vial-a-educacio-infantil","status":"publish","type":"post","link":"https:\/\/agora.xtec.cat\/esc-renaixencahostalets\/general\/xerrada-educacio-vial-a-educacio-infantil\/","title":{"rendered":"Xerrada Educaci\u00f3 Vial a Educaci\u00f3 Infantil"},"content":{"rendered":"<p>El dimecres 30 d&#8217;abril ha estat un dia especial a Educaci\u00f3 Infantil! Hem rebut la visita d\u2019un Mosso d\u2019Esquadra que ens ha vingut a fer una xerrada molt interessant sobre Educaci\u00f3 Vial.<\/p>\n<p>Amb l\u2019ajuda d\u2019uns contes molt divertits i plens d\u2019aprenentatges, ens ha ensenyat com hem de comportar-nos quan anem pel carrer: mirar abans de creuar, caminar sempre per la vorera i respectar els sem\u00e0fors.<\/p>\n<p>Els nens i nenes han escoltat amb molta atenci\u00f3 i han participat encantats. Gr\u00e0cies a aquesta activitat, han apr\u00e8s la import\u00e0ncia de tenir bons h\u00e0bits per estar segurs quan sortim de casa.<\/p>\n<p><a href=\"https:\/\/agora.xtec.cat\/esc-renaixencahostalets\/wp-content\/uploads\/usu1823\/2025\/04\/IMG_2324-scaled.jpg\"><img loading=\"lazy\" decoding=\"async\" class=\"alignnone size-large wp-image-21660\" src=\"https:\/\/agora.xtec.cat\/esc-renaixencahostalets\/wp-content\/uploads\/usu1823\/2025\/04\/IMG_2324-768x1024.jpg\" alt=\"\" width=\"768\" height=\"1024\" srcset=\"https:\/\/agora.xtec.cat\/esc-renaixencahostalets\/wp-content\/uploads\/usu1823\/2025\/04\/IMG_2324-768x1024.jpg 768w, https:\/\/agora.xtec.cat\/esc-renaixencahostalets\/wp-content\/uploads\/usu1823\/2025\/04\/IMG_2324-225x300.jpg 225w, https:\/\/agora.xtec.cat\/esc-renaixencahostalets\/wp-content\/uploads\/usu1823\/2025\/04\/IMG_2324-1152x1536.jpg 1152w, https:\/\/agora.xtec.cat\/esc-renaixencahostalets\/wp-content\/uploads\/usu1823\/2025\/04\/IMG_2324-1536x2048.jpg 1536w, https:\/\/agora.xtec.cat\/esc-renaixencahostalets\/wp-content\/uploads\/usu1823\/2025\/04\/IMG_2324-scaled.jpg 1920w\" sizes=\"auto, (max-width: 768px) 100vw, 768px\" \/><\/a><\/p>\n","protected":false},"excerpt":{"rendered":"<p>El dimecres 30 d&#8217;abril ha estat un dia especial a Educaci\u00f3 Infantil! Hem rebut la visita d\u2019un Mosso d\u2019Esquadra que ens ha vingut a fer una xerrada molt interessant sobre Educaci\u00f3 Vial.<br \/>\nAmb l\u2019ajuda d\u2019uns contes molt divertits i plens d\u2019aprenentatges, ens ha ensenyat com hem&hellip;  <a href=\"https:\/\/agora.xtec.cat\/esc-renaixencahostalets\/general\/xerrada-educacio-vial-a-educacio-infantil\/\" title=\"Read Xerrada Educaci\u00f3 Vial a Educaci\u00f3 Infantil\">Llegeix m\u00e9s\u00bb<\/a><\/p>\n","protected":false},"author":107,"featured_media":0,"comment_status":"open","ping_status":"closed","sticky":false,"template":"","format":"standard","meta":{"_bbp_topic_count":0,"_bbp_reply_count":0,"_bbp_total_topic_count":0,"_bbp_total_reply_count":0,"_bbp_voice_count":0,"_bbp_anonymous_reply_count":0,"_bbp_topic_count_hidden":0,"_bbp_reply_count_hidden":0,"_bbp_forum_subforum_count":0,"footnotes":""},"categories":[1],"tags":[],"class_list":["post-21653","post","type-post","status-publish","format-standard","hentry","category-general"],"post_mailing_queue_ids":[],"_links":{"self":[{"href":"https:\/\/agora.xtec.cat\/esc-renaixencahostalets\/wp-json\/wp\/v2\/posts\/21653","targetHints":{"allow":["GET"]}}],"collection":[{"href":"https:\/\/agora.xtec.cat\/esc-renaixencahostalets\/wp-json\/wp\/v2\/posts"}],"about":[{"href":"https:\/\/agora.xtec.cat\/esc-renaixencahostalets\/wp-json\/wp\/v2\/types\/post"}],"author":[{"embeddable":true,"href":"https:\/\/agora.xtec.cat\/esc-renaixencahostalets\/wp-json\/wp\/v2\/users\/107"}],"replies":[{"embeddable":true,"href":"https:\/\/agora.xtec.cat\/esc-renaixencahostalets\/wp-json\/wp\/v2\/comments?post=21653"}],"version-history":[{"count":1,"href":"https:\/\/agora.xtec.cat\/esc-renaixencahostalets\/wp-json\/wp\/v2\/posts\/21653\/revisions"}],"predecessor-version":[{"id":21661,"href":"https:\/\/agora.xtec.cat\/esc-renaixencahostalets\/wp-json\/wp\/v2\/posts\/21653\/revisions\/21661"}],"wp:attachment":[{"href":"https:\/\/agora.xtec.cat\/esc-renaixencahostalets\/wp-json\/wp\/v2\/media?parent=21653"}],"wp:term":[{"taxonomy":"category","embeddable":true,"href":"https:\/\/agora.xtec.cat\/esc-renaixencahostalets\/wp-json\/wp\/v2\/categories?post=21653"},{"taxonomy":"post_tag","embeddable":true,"href":"https:\/\/agora.xtec.cat\/esc-renaixencahostalets\/wp-json\/wp\/v2\/tags?post=21653"}],"curies":[{"name":"wp","href":"https:\/\/api.w.org\/{rel}","templated":true}]}}