{"id":21605,"date":"2025-04-23T14:46:04","date_gmt":"2025-04-23T12:46:04","guid":{"rendered":"https:\/\/agora.xtec.cat\/esc-renaixencahostalets\/?p=21605"},"modified":"2025-04-23T14:53:35","modified_gmt":"2025-04-23T12:53:35","slug":"sant-jordi","status":"publish","type":"post","link":"https:\/\/agora.xtec.cat\/esc-renaixencahostalets\/general\/sant-jordi\/","title":{"rendered":"DIADA DE SANT JORDI I SANTA JORDINA"},"content":{"rendered":"<p class=\"\" data-start=\"186\" data-end=\"384\">Aquest mat\u00ed hem celebrat la Diada de Sant Jordi al centre amb moltes activitats per a tots els cursos. Ha estat una jornada molt completa i participativa, on l\u2019alumnat ha estat el gran protagonista.<\/p>\n<p class=\"\" data-start=\"386\" data-end=\"631\">A <strong data-start=\"388\" data-end=\"409\">Educaci\u00f3 Infantil<\/strong>, han escoltat contes explicats per l&#8217;alumnat de 2n d\u2019ESO. Tamb\u00e9, han visitat l\u2019exposici\u00f3 dels treballs d&#8217;expressi\u00f3 escrita que hi ha al vest\u00edbul i a la planta baixa, i han fet una manualitat relacionada amb Sant Jordi.<\/p>\n<p class=\"\" data-start=\"633\" data-end=\"850\">A <strong data-start=\"635\" data-end=\"647\">Prim\u00e0ria<\/strong>, tamb\u00e9 han rebut la visita de 2n d\u2019ESO que els han explicat contes. Han visitat l\u2019exposici\u00f3, han fet una asseguda liter\u00e0ria a diversos punts del poble i han realitzat una manualitat per commemorar la diada.<\/p>\n<p class=\"\" data-start=\"852\" data-end=\"905\">A l\u2019<strong data-start=\"856\" data-end=\"863\">ESO<\/strong>, cada curs ha fet una activitat diferent:<\/p>\n<ul data-start=\"906\" data-end=\"1182\">\n<li class=\"\" data-start=\"906\" data-end=\"980\">\n<p class=\"\" data-start=\"908\" data-end=\"980\">A <strong data-start=\"910\" data-end=\"922\">1r d\u2019ESO<\/strong>, les alumnes han participat en una gimcana liter\u00e0ria.<\/p>\n<\/li>\n<li class=\"\" data-start=\"981\" data-end=\"1078\">\n<p class=\"\" data-start=\"983\" data-end=\"1078\">A <strong data-start=\"985\" data-end=\"997\">2n d\u2019ESO<\/strong>, han estat les encarregades d\u2019explicar contes a les nenes d\u2019Infantil i Prim\u00e0ria.<\/p>\n<\/li>\n<li class=\"\" data-start=\"1079\" data-end=\"1182\">\n<p class=\"\" data-start=\"1081\" data-end=\"1182\">A <strong data-start=\"1083\" data-end=\"1095\">3r d\u2019ESO<\/strong>, han anat al Casal de la Gent Gran per llegir poemes a les persones residents.<\/p>\n<\/li>\n<\/ul>\n<p class=\"\" data-start=\"1184\" data-end=\"1501\">Tamb\u00e9 cal destacar que l\u2019alumnat de <strong data-start=\"1220\" data-end=\"1249\">6\u00e8 de Prim\u00e0ria i 4t d\u2019ESO<\/strong> ha organitzat dues <strong data-start=\"1269\" data-end=\"1299\">parades de llibres i roses<\/strong>: una a l\u2019entrada del centre i una altra a la placeta, davant del Casal Catal\u00e0. Els beneficis de la venda es destinaran a les col\u00f2nies de 6\u00e8 i al viatge de final d\u2019etapa de 4t d\u2019ESO.<\/p>\n<p class=\"\" data-start=\"1503\" data-end=\"1642\">Ha estat un mat\u00ed ple d\u2019activitats, amb molt bona participaci\u00f3 i un ambient de festa i conviv\u00e8ncia. Gr\u00e0cies a tothom que ho ha fet possible!<\/p>\n<p data-start=\"1503\" data-end=\"1642\"><strong>FELI\u00c7 DIADA A TOTHOM!<\/strong><\/p>\n<p data-start=\"1503\" data-end=\"1642\"><a href=\"https:\/\/agora.xtec.cat\/esc-renaixencahostalets\/wp-content\/uploads\/usu1823\/2025\/04\/unnamed-1-1-scaled.jpg\"><img loading=\"lazy\" decoding=\"async\" class=\"alignnone size-large wp-image-21609\" src=\"https:\/\/agora.xtec.cat\/esc-renaixencahostalets\/wp-content\/uploads\/usu1823\/2025\/04\/unnamed-1-1-768x1024.jpg\" alt=\"\" width=\"768\" height=\"1024\" srcset=\"https:\/\/agora.xtec.cat\/esc-renaixencahostalets\/wp-content\/uploads\/usu1823\/2025\/04\/unnamed-1-1-768x1024.jpg 768w, https:\/\/agora.xtec.cat\/esc-renaixencahostalets\/wp-content\/uploads\/usu1823\/2025\/04\/unnamed-1-1-225x300.jpg 225w, https:\/\/agora.xtec.cat\/esc-renaixencahostalets\/wp-content\/uploads\/usu1823\/2025\/04\/unnamed-1-1-1152x1536.jpg 1152w, https:\/\/agora.xtec.cat\/esc-renaixencahostalets\/wp-content\/uploads\/usu1823\/2025\/04\/unnamed-1-1-1536x2048.jpg 1536w, https:\/\/agora.xtec.cat\/esc-renaixencahostalets\/wp-content\/uploads\/usu1823\/2025\/04\/unnamed-1-1-scaled.jpg 1920w\" sizes=\"auto, (max-width: 768px) 100vw, 768px\" \/><\/a> \u00a0<a href=\"https:\/\/agora.xtec.cat\/esc-renaixencahostalets\/wp-content\/uploads\/usu1823\/2025\/04\/3709a37e-d099-48a2-9cb7-0cef8559359e.jpeg\"><img loading=\"lazy\" decoding=\"async\" class=\"alignnone size-large wp-image-21614\" src=\"https:\/\/agora.xtec.cat\/esc-renaixencahostalets\/wp-content\/uploads\/usu1823\/2025\/04\/3709a37e-d099-48a2-9cb7-0cef8559359e-1024x578.jpeg\" alt=\"\" width=\"1024\" height=\"578\" srcset=\"https:\/\/agora.xtec.cat\/esc-renaixencahostalets\/wp-content\/uploads\/usu1823\/2025\/04\/3709a37e-d099-48a2-9cb7-0cef8559359e-1024x578.jpeg 1024w, https:\/\/agora.xtec.cat\/esc-renaixencahostalets\/wp-content\/uploads\/usu1823\/2025\/04\/3709a37e-d099-48a2-9cb7-0cef8559359e-300x169.jpeg 300w, https:\/\/agora.xtec.cat\/esc-renaixencahostalets\/wp-content\/uploads\/usu1823\/2025\/04\/3709a37e-d099-48a2-9cb7-0cef8559359e-768x433.jpeg 768w, https:\/\/agora.xtec.cat\/esc-renaixencahostalets\/wp-content\/uploads\/usu1823\/2025\/04\/3709a37e-d099-48a2-9cb7-0cef8559359e-1536x866.jpeg 1536w, https:\/\/agora.xtec.cat\/esc-renaixencahostalets\/wp-content\/uploads\/usu1823\/2025\/04\/3709a37e-d099-48a2-9cb7-0cef8559359e.jpeg 2000w\" sizes=\"auto, (max-width: 1024px) 100vw, 1024px\" \/><\/a><a href=\"https:\/\/agora.xtec.cat\/esc-renaixencahostalets\/wp-content\/uploads\/usu1823\/2025\/04\/unnamed-3.jpg\"><img loading=\"lazy\" decoding=\"async\" class=\"alignnone size-large wp-image-21615\" src=\"https:\/\/agora.xtec.cat\/esc-renaixencahostalets\/wp-content\/uploads\/usu1823\/2025\/04\/unnamed-3-1024x671.jpg\" alt=\"\" width=\"1024\" height=\"671\" srcset=\"https:\/\/agora.xtec.cat\/esc-renaixencahostalets\/wp-content\/uploads\/usu1823\/2025\/04\/unnamed-3-1024x671.jpg 1024w, https:\/\/agora.xtec.cat\/esc-renaixencahostalets\/wp-content\/uploads\/usu1823\/2025\/04\/unnamed-3-300x197.jpg 300w, https:\/\/agora.xtec.cat\/esc-renaixencahostalets\/wp-content\/uploads\/usu1823\/2025\/04\/unnamed-3-768x503.jpg 768w, https:\/\/agora.xtec.cat\/esc-renaixencahostalets\/wp-content\/uploads\/usu1823\/2025\/04\/unnamed-3-1536x1007.jpg 1536w, https:\/\/agora.xtec.cat\/esc-renaixencahostalets\/wp-content\/uploads\/usu1823\/2025\/04\/unnamed-3.jpg 1721w\" sizes=\"auto, (max-width: 1024px) 100vw, 1024px\" \/><\/a><a href=\"https:\/\/agora.xtec.cat\/esc-renaixencahostalets\/wp-content\/uploads\/usu1823\/2025\/04\/unnamed-2.jpg\"><img loading=\"lazy\" decoding=\"async\" class=\"alignnone size-large wp-image-21610\" src=\"https:\/\/agora.xtec.cat\/esc-renaixencahostalets\/wp-content\/uploads\/usu1823\/2025\/04\/unnamed-2-768x1024.jpg\" alt=\"\" width=\"768\" height=\"1024\" srcset=\"https:\/\/agora.xtec.cat\/esc-renaixencahostalets\/wp-content\/uploads\/usu1823\/2025\/04\/unnamed-2-768x1024.jpg 768w, https:\/\/agora.xtec.cat\/esc-renaixencahostalets\/wp-content\/uploads\/usu1823\/2025\/04\/unnamed-2-225x300.jpg 225w, https:\/\/agora.xtec.cat\/esc-renaixencahostalets\/wp-content\/uploads\/usu1823\/2025\/04\/unnamed-2-1152x1536.jpg 1152w, https:\/\/agora.xtec.cat\/esc-renaixencahostalets\/wp-content\/uploads\/usu1823\/2025\/04\/unnamed-2.jpg 1536w\" sizes=\"auto, (max-width: 768px) 100vw, 768px\" \/><\/a><\/p>\n","protected":false},"excerpt":{"rendered":"<p>Aquest mat\u00ed hem celebrat la Diada de Sant Jordi al centre amb moltes activitats per a tots els cursos. Ha estat una jornada molt completa i participativa, on l\u2019alumnat ha estat el gran protagonista.<br \/>\nA Educaci\u00f3 Infantil, han escoltat contes explicats per l&#8217;alumnat de 2n d\u2019ESO.&hellip;  <a href=\"https:\/\/agora.xtec.cat\/esc-renaixencahostalets\/general\/sant-jordi\/\" title=\"Read DIADA DE SANT JORDI I SANTA JORDINA\">Llegeix m\u00e9s\u00bb<\/a><\/p>\n","protected":false},"author":107,"featured_media":21607,"comment_status":"open","ping_status":"closed","sticky":false,"template":"","format":"standard","meta":{"_bbp_topic_count":0,"_bbp_reply_count":0,"_bbp_total_topic_count":0,"_bbp_total_reply_count":0,"_bbp_voice_count":0,"_bbp_anonymous_reply_count":0,"_bbp_topic_count_hidden":0,"_bbp_reply_count_hidden":0,"_bbp_forum_subforum_count":0,"footnotes":""},"categories":[1],"tags":[],"class_list":["post-21605","post","type-post","status-publish","format-standard","has-post-thumbnail","hentry","category-general"],"post_mailing_queue_ids":[],"_links":{"self":[{"href":"https:\/\/agora.xtec.cat\/esc-renaixencahostalets\/wp-json\/wp\/v2\/posts\/21605","targetHints":{"allow":["GET"]}}],"collection":[{"href":"https:\/\/agora.xtec.cat\/esc-renaixencahostalets\/wp-json\/wp\/v2\/posts"}],"about":[{"href":"https:\/\/agora.xtec.cat\/esc-renaixencahostalets\/wp-json\/wp\/v2\/types\/post"}],"author":[{"embeddable":true,"href":"https:\/\/agora.xtec.cat\/esc-renaixencahostalets\/wp-json\/wp\/v2\/users\/107"}],"replies":[{"embeddable":true,"href":"https:\/\/agora.xtec.cat\/esc-renaixencahostalets\/wp-json\/wp\/v2\/comments?post=21605"}],"version-history":[{"count":5,"href":"https:\/\/agora.xtec.cat\/esc-renaixencahostalets\/wp-json\/wp\/v2\/posts\/21605\/revisions"}],"predecessor-version":[{"id":21616,"href":"https:\/\/agora.xtec.cat\/esc-renaixencahostalets\/wp-json\/wp\/v2\/posts\/21605\/revisions\/21616"}],"wp:featuredmedia":[{"embeddable":true,"href":"https:\/\/agora.xtec.cat\/esc-renaixencahostalets\/wp-json\/wp\/v2\/media\/21607"}],"wp:attachment":[{"href":"https:\/\/agora.xtec.cat\/esc-renaixencahostalets\/wp-json\/wp\/v2\/media?parent=21605"}],"wp:term":[{"taxonomy":"category","embeddable":true,"href":"https:\/\/agora.xtec.cat\/esc-renaixencahostalets\/wp-json\/wp\/v2\/categories?post=21605"},{"taxonomy":"post_tag","embeddable":true,"href":"https:\/\/agora.xtec.cat\/esc-renaixencahostalets\/wp-json\/wp\/v2\/tags?post=21605"}],"curies":[{"name":"wp","href":"https:\/\/api.w.org\/{rel}","templated":true}]}}