{"id":21599,"date":"2025-04-15T10:30:27","date_gmt":"2025-04-15T08:30:27","guid":{"rendered":"https:\/\/agora.xtec.cat\/esc-renaixencahostalets\/?p=21599"},"modified":"2025-10-16T16:54:33","modified_gmt":"2025-10-16T14:54:33","slug":"ajuts-de-menjador-25-26","status":"publish","type":"post","link":"https:\/\/agora.xtec.cat\/esc-renaixencahostalets\/general\/ajuts-de-menjador-25-26\/","title":{"rendered":"Ajuts de menjador 25\/26"},"content":{"rendered":"<p><img loading=\"lazy\" decoding=\"async\" class=\"alignnone size-full wp-image-21600\" src=\"https:\/\/agora.xtec.cat\/esc-renaixencahostalets\/wp-content\/uploads\/usu1823\/2025\/04\/logo-consell-comarcal.png\" alt=\"\" width=\"352\" height=\"143\" srcset=\"https:\/\/agora.xtec.cat\/esc-renaixencahostalets\/wp-content\/uploads\/usu1823\/2025\/04\/logo-consell-comarcal.png 352w, https:\/\/agora.xtec.cat\/esc-renaixencahostalets\/wp-content\/uploads\/usu1823\/2025\/04\/logo-consell-comarcal-300x122.png 300w\" sizes=\"auto, (max-width: 352px) 100vw, 352px\" \/><\/p>\n<p><img loading=\"lazy\" decoding=\"async\" class=\"alignnone wp-image-21094\" src=\"https:\/\/agora.xtec.cat\/esc-renaixencahostalets\/wp-content\/uploads\/usu1823\/2024\/04\/coberts.jpeg\" alt=\"\" width=\"145\" height=\"145\" \/><\/p>\n<div data-pm-slice=\"2 2 [&quot;divBlock&quot;,{},&quot;divBlock&quot;,{},&quot;divBlock&quot;,{}]\">\n<p>Benvolgudes fam\u00edlies,<\/p>\n<p>Us informem que s\u00b4obre el per\u00edode<strong> fins el dia 31 de maig <\/strong>per demanar els <strong>ajuts de menjador pel curs 25-26<\/strong>.<\/p>\n<p><strong>On es tramiten?<\/strong>: Les sol\u00b7licituds s\u2019hauran de gestionar<strong> telem\u00e0ticament<\/strong> mitjan\u00e7ant el seg\u00fcent enlla\u00e7: <a href=\"https:\/\/anoia.pigaim.cat\/menjador.2025\/\" target=\"_blank\" rel=\"noreferrer noopener\"><strong>sol.licitud ajut<\/strong><\/a><\/p>\n<p><strong>Altres observacions:<\/strong><\/p>\n<p>&#8212;&gt;<strong>Si ja la vau sol\u00b7licitar el curs passat<\/strong>, nom\u00e9s haureu de <strong>renovar-la<\/strong>, i si correspon, modificar-la per si hi ha hagut algun canvi (adre\u00e7a, naixement d\u2019un germ\u00e0, etc.).<\/p>\n<p>&#8212;&gt;<strong>Si voleu un nou ajut per\u00f2 pel curs actual 24\/25<\/strong>, com que encara restar\u00e0 obert el termini fins que la Generalitat ens informi del contrari, <u>ho heu de fer demanant hora al correu electr\u00f2nic: <\/u><a href=\"mailto:aim@anoia.cat\" target=\"_blank\" rel=\"noreferrer noopener\"><u>aim@anoia.cat<\/u><\/a>, ja que haureu de fer la sol\u00b7licitud de manera presencial.<\/p>\n<p><strong>Compactaci\u00f3: <\/strong>la sol\u00b7licitud obliga a marcar els dies de compactaci\u00f3 si aix\u00ed es vol.<\/p>\n<p><strong>Tel\u00e8fon Consell Comarcal:<\/strong> Per resoldre dubtes sobre la tramitaci\u00f3 poden trucar al tel\u00e8fon 93 805 15 85 (extensi\u00f3 323-325).<\/p>\n<p><strong>Data resoluci\u00f3<\/strong>: Les resolucions es notificaran al setembre del 2025<\/p>\n<p><a href=\"https:\/\/agora.xtec.cat\/esc-renaixencahostalets\/wp-content\/uploads\/usu1823\/2025\/04\/BASES-GENERIQUES-AIM-25-26.pdf\" target=\"_blank\" rel=\"noopener\">BASES-GENERIQUES-AIM-25-26<\/a><\/p>\n<p><a href=\"https:\/\/agora.xtec.cat\/esc-renaixencahostalets\/wp-content\/uploads\/usu1823\/2025\/04\/CONVOCATORIA-AIM-25-26.-pdf.pdf\" target=\"_blank\" rel=\"noopener\">CONVOCATORIA-AIM-25-26.-pdf<\/a><\/p>\n<p><a href=\"https:\/\/agora.xtec.cat\/esc-renaixencahostalets\/wp-content\/uploads\/usu1823\/2025\/04\/GUIA-DE-TRAMITACIO-AIM-25-26.pdf\" target=\"_blank\" rel=\"noopener\">GUIA-DE-TRAMITACIO-AIM-25-26<\/a><\/p>\n<\/div>\n","protected":false},"excerpt":{"rendered":"<p>Benvolgudes fam\u00edlies,<br \/>\nUs informem que s\u00b4obre el per\u00edode fins el dia 31 de maig per demanar els ajuts de menjador pel curs 25-26.<br \/>\nOn es tramiten?: Les sol\u00b7licituds s\u2019hauran de gestionar telem\u00e0ticament mitjan\u00e7ant el seg\u00fcent enlla\u00e7: <a href=\"https:\/\/anoia.pigaim.cat\/menjador.2025\/\" target=\"_blank\" rel=\"noreferrer noopener\">sol.licitud ajut<\/a><br \/>\nAltres observacions:<br \/>\n&#8212;&gt;Si ja la vau sol\u00b7licitar&hellip;  <a href=\"https:\/\/agora.xtec.cat\/esc-renaixencahostalets\/general\/ajuts-de-menjador-25-26\/\" title=\"Read Ajuts de menjador 25\/26\">Llegeix m\u00e9s\u00bb<\/a><\/p>\n","protected":false},"author":5,"featured_media":21094,"comment_status":"open","ping_status":"closed","sticky":false,"template":"","format":"standard","meta":{"_bbp_topic_count":0,"_bbp_reply_count":0,"_bbp_total_topic_count":0,"_bbp_total_reply_count":0,"_bbp_voice_count":0,"_bbp_anonymous_reply_count":0,"_bbp_topic_count_hidden":0,"_bbp_reply_count_hidden":0,"_bbp_forum_subforum_count":0,"footnotes":""},"categories":[104,1,105],"tags":[],"class_list":["post-21599","post","type-post","status-publish","format-standard","has-post-thumbnail","hentry","category-beques","category-general","category-preinscripcions"],"post_mailing_queue_ids":[],"_links":{"self":[{"href":"https:\/\/agora.xtec.cat\/esc-renaixencahostalets\/wp-json\/wp\/v2\/posts\/21599","targetHints":{"allow":["GET"]}}],"collection":[{"href":"https:\/\/agora.xtec.cat\/esc-renaixencahostalets\/wp-json\/wp\/v2\/posts"}],"about":[{"href":"https:\/\/agora.xtec.cat\/esc-renaixencahostalets\/wp-json\/wp\/v2\/types\/post"}],"author":[{"embeddable":true,"href":"https:\/\/agora.xtec.cat\/esc-renaixencahostalets\/wp-json\/wp\/v2\/users\/5"}],"replies":[{"embeddable":true,"href":"https:\/\/agora.xtec.cat\/esc-renaixencahostalets\/wp-json\/wp\/v2\/comments?post=21599"}],"version-history":[{"count":1,"href":"https:\/\/agora.xtec.cat\/esc-renaixencahostalets\/wp-json\/wp\/v2\/posts\/21599\/revisions"}],"predecessor-version":[{"id":21604,"href":"https:\/\/agora.xtec.cat\/esc-renaixencahostalets\/wp-json\/wp\/v2\/posts\/21599\/revisions\/21604"}],"wp:featuredmedia":[{"embeddable":true,"href":"https:\/\/agora.xtec.cat\/esc-renaixencahostalets\/wp-json\/wp\/v2\/media\/21094"}],"wp:attachment":[{"href":"https:\/\/agora.xtec.cat\/esc-renaixencahostalets\/wp-json\/wp\/v2\/media?parent=21599"}],"wp:term":[{"taxonomy":"category","embeddable":true,"href":"https:\/\/agora.xtec.cat\/esc-renaixencahostalets\/wp-json\/wp\/v2\/categories?post=21599"},{"taxonomy":"post_tag","embeddable":true,"href":"https:\/\/agora.xtec.cat\/esc-renaixencahostalets\/wp-json\/wp\/v2\/tags?post=21599"}],"curies":[{"name":"wp","href":"https:\/\/api.w.org\/{rel}","templated":true}]}}