{"id":21596,"date":"2025-04-10T17:25:24","date_gmt":"2025-04-10T15:25:24","guid":{"rendered":"https:\/\/agora.xtec.cat\/esc-renaixencahostalets\/?p=21596"},"modified":"2025-04-10T17:25:24","modified_gmt":"2025-04-10T15:25:24","slug":"lalumnat-de-p5-balla-bachata","status":"publish","type":"post","link":"https:\/\/agora.xtec.cat\/esc-renaixencahostalets\/general\/lalumnat-de-p5-balla-bachata\/","title":{"rendered":"L&#8217;alumnat de P5 balla &#8220;BACHATA&#8221;"},"content":{"rendered":"<p data-pm-slice=\"1 1 []\">Despr\u00e9s de preparar-se un projecte individual relacionat amb la &#8220;BACHATA&#8221;, un alumne ha dut a terme una classe de &#8220;BACHATA&#8221; com a producte final avui a la tarda pels nens i nenes de P5. Ha sigut una sessi\u00f3 per a principiants en la que han pogut aprendre els passos b\u00e0sics i han aconseguit ballar diverses can\u00e7ons. En definitiva, ha sigut una sessi\u00f3 divertida, adaptada a tots els ritmes i que ha servit per millorar la coordinaci\u00f3 i per aprendre un tipus de ball nou.<\/p>\n<p data-pm-slice=\"1 1 []\"><img loading=\"lazy\" decoding=\"async\" class=\"aligncenter size-full wp-image-21597\" src=\"https:\/\/agora.xtec.cat\/esc-renaixencahostalets\/wp-content\/uploads\/usu1823\/2025\/04\/bachata.jpg\" alt=\"\" width=\"1496\" height=\"391\" srcset=\"https:\/\/agora.xtec.cat\/esc-renaixencahostalets\/wp-content\/uploads\/usu1823\/2025\/04\/bachata.jpg 1496w, https:\/\/agora.xtec.cat\/esc-renaixencahostalets\/wp-content\/uploads\/usu1823\/2025\/04\/bachata-300x78.jpg 300w, https:\/\/agora.xtec.cat\/esc-renaixencahostalets\/wp-content\/uploads\/usu1823\/2025\/04\/bachata-1024x268.jpg 1024w, https:\/\/agora.xtec.cat\/esc-renaixencahostalets\/wp-content\/uploads\/usu1823\/2025\/04\/bachata-768x201.jpg 768w\" sizes=\"auto, (max-width: 1496px) 100vw, 1496px\" \/><\/p>\n<p data-pm-slice=\"1 1 []\">\n","protected":false},"excerpt":{"rendered":"<p>Avui a la tarda un alumne de l&#8217;ESO ha dinamitzat una classe de &#8220;BACHATA&#8221; per l&#8217;alumnat de P5. &hellip;  <a href=\"https:\/\/agora.xtec.cat\/esc-renaixencahostalets\/general\/lalumnat-de-p5-balla-bachata\/\" title=\"Read L&#8217;alumnat de P5 balla &#8220;BACHATA&#8221;\">Llegeix m\u00e9s\u00bb<\/a><\/p>\n","protected":false},"author":26,"featured_media":21597,"comment_status":"closed","ping_status":"closed","sticky":false,"template":"","format":"standard","meta":{"_bbp_topic_count":0,"_bbp_reply_count":0,"_bbp_total_topic_count":0,"_bbp_total_reply_count":0,"_bbp_voice_count":0,"_bbp_anonymous_reply_count":0,"_bbp_topic_count_hidden":0,"_bbp_reply_count_hidden":0,"_bbp_forum_subforum_count":0,"footnotes":""},"categories":[154,1],"tags":[],"class_list":["post-21596","post","type-post","status-publish","format-standard","has-post-thumbnail","hentry","category-educacio-fisica","category-general"],"post_mailing_queue_ids":[],"_links":{"self":[{"href":"https:\/\/agora.xtec.cat\/esc-renaixencahostalets\/wp-json\/wp\/v2\/posts\/21596","targetHints":{"allow":["GET"]}}],"collection":[{"href":"https:\/\/agora.xtec.cat\/esc-renaixencahostalets\/wp-json\/wp\/v2\/posts"}],"about":[{"href":"https:\/\/agora.xtec.cat\/esc-renaixencahostalets\/wp-json\/wp\/v2\/types\/post"}],"author":[{"embeddable":true,"href":"https:\/\/agora.xtec.cat\/esc-renaixencahostalets\/wp-json\/wp\/v2\/users\/26"}],"replies":[{"embeddable":true,"href":"https:\/\/agora.xtec.cat\/esc-renaixencahostalets\/wp-json\/wp\/v2\/comments?post=21596"}],"version-history":[{"count":1,"href":"https:\/\/agora.xtec.cat\/esc-renaixencahostalets\/wp-json\/wp\/v2\/posts\/21596\/revisions"}],"predecessor-version":[{"id":21598,"href":"https:\/\/agora.xtec.cat\/esc-renaixencahostalets\/wp-json\/wp\/v2\/posts\/21596\/revisions\/21598"}],"wp:featuredmedia":[{"embeddable":true,"href":"https:\/\/agora.xtec.cat\/esc-renaixencahostalets\/wp-json\/wp\/v2\/media\/21597"}],"wp:attachment":[{"href":"https:\/\/agora.xtec.cat\/esc-renaixencahostalets\/wp-json\/wp\/v2\/media?parent=21596"}],"wp:term":[{"taxonomy":"category","embeddable":true,"href":"https:\/\/agora.xtec.cat\/esc-renaixencahostalets\/wp-json\/wp\/v2\/categories?post=21596"},{"taxonomy":"post_tag","embeddable":true,"href":"https:\/\/agora.xtec.cat\/esc-renaixencahostalets\/wp-json\/wp\/v2\/tags?post=21596"}],"curies":[{"name":"wp","href":"https:\/\/api.w.org\/{rel}","templated":true}]}}