{"id":21580,"date":"2025-04-09T13:30:32","date_gmt":"2025-04-09T11:30:32","guid":{"rendered":"https:\/\/agora.xtec.cat\/esc-renaixencahostalets\/?p=21580"},"modified":"2025-04-09T13:30:57","modified_gmt":"2025-04-09T11:30:57","slug":"tenim-veu","status":"publish","type":"post","link":"https:\/\/agora.xtec.cat\/esc-renaixencahostalets\/general\/tenim-veu\/","title":{"rendered":"Projecte &#8220;Tenim veu&#8221; a P5"},"content":{"rendered":"<p>L&#8217;alumnat de P5 A i P5 B del centre ha participat en el concurs &#8220;<a href=\"https:\/\/app.dinantia.com\/api\/system\/track_link\/sfqFPz2LjCxd\/16303543?original_url=https%3A%2F%2Ftenimveu.sindic.cat%2F\" target=\"_blank\" rel=\"noreferrer noopener\">Tenim veu<\/a>&#8220;. Es tracta d&#8217;un concurs que convida les escoles a crear un <strong data-start=\"432\" data-end=\"470\">himne sobre els drets dels infants<\/strong>.<\/p>\n<p>Tot va comen\u00e7ar amb una s\u00e8rie de reflexions a l\u2019aula sobre els drets dels infants, aprofundint especialment en la import\u00e0ncia de poder expressar opinions i ser escoltats en tots els \u00e0mbits de la vida.<br \/>\nEl projecte va prendre forma quan vam rebre la carta convidant-nos a participar en el concurs.<br \/>\nAquest fet va generar il\u00b7lusi\u00f3 i motivaci\u00f3 entre l\u2019alumnat, que de seguida es va implicar en la<br \/>\ncreaci\u00f3 de l\u2019himne.<\/p>\n<p>Per donar estructura a la lletra, vam treballar la m\u00e8trica i la poesia, explorant<br \/>\ndiferents tipus de versos i buscant paraules clau que representessin el nostre missatge de<br \/>\nmanera clara i emotiva. A partir d\u2019aquests elements, l\u2019alumnat va donar forma a les estrofes de<br \/>\nla can\u00e7\u00f3.<br \/>\nUn cop la lletra va estar definida, la mestra de m\u00fasica es va encarregar de posar-hi melodia,<br \/>\ndonant vida a les paraules i fent que la can\u00e7\u00f3 tingu\u00e9s una identitat musical atractiva i coherent<br \/>\namb el missatge. Despr\u00e9s d\u2019algunes sessions d\u2019assaig, vam procedir a la gravaci\u00f3 de la melodia i<br \/>\nde les veus de l\u2019alumnat, garantint que cadasc\u00fa pogu\u00e9s aportar la seva veu a aquesta creaci\u00f3<br \/>\ncol\u00b7lectiva.<br \/>\nFinalment, per completar el projecte, vam enregistrar un v\u00eddeo on l\u2019alumnat interpreta l\u2019himne,<br \/>\ncombinant imatges, gestos i missatges visuals que reforcen el significat de la can\u00e7\u00f3. Ha estat un cam\u00ed ple d\u2019aprenentatges i emocions que ens ha perm\u00e8s donar veu a un dret fonamental dels infants i l&#8217;alumnat ho ha gaudit molt.<\/p>\n<p><img decoding=\"async\" src=\"https:\/\/gsewl.cstmapp.com\/87\/990787\/stages\/67e116f6e805d.png\" \/><\/p>\n","protected":false},"excerpt":{"rendered":"<p>L&#8217;alumnat de P5 A i P5 B del centre ha participat en el concurs &#8220;<a href=\"https:\/\/app.dinantia.com\/api\/system\/track_link\/sfqFPz2LjCxd\/16303543?original_url=https%3A%2F%2Ftenimveu.sindic.cat%2F\" target=\"_blank\" rel=\"noreferrer noopener\">Tenim veu<\/a>&#8220;. Es tracta d&#8217;un concurs que convida les escoles a crear un himne sobre els drets dels infants.<br \/>\nTot va comen\u00e7ar amb una s\u00e8rie de reflexions a&hellip;  <a href=\"https:\/\/agora.xtec.cat\/esc-renaixencahostalets\/general\/tenim-veu\/\" title=\"Read Projecte &#8220;Tenim veu&#8221; a P5\">Llegeix m\u00e9s\u00bb<\/a><\/p>\n","protected":false},"author":107,"featured_media":21583,"comment_status":"open","ping_status":"closed","sticky":false,"template":"","format":"standard","meta":{"_bbp_topic_count":0,"_bbp_reply_count":0,"_bbp_total_topic_count":0,"_bbp_total_reply_count":0,"_bbp_voice_count":0,"_bbp_anonymous_reply_count":0,"_bbp_topic_count_hidden":0,"_bbp_reply_count_hidden":0,"_bbp_forum_subforum_count":0,"footnotes":""},"categories":[1],"tags":[],"class_list":["post-21580","post","type-post","status-publish","format-standard","has-post-thumbnail","hentry","category-general"],"post_mailing_queue_ids":[],"_links":{"self":[{"href":"https:\/\/agora.xtec.cat\/esc-renaixencahostalets\/wp-json\/wp\/v2\/posts\/21580","targetHints":{"allow":["GET"]}}],"collection":[{"href":"https:\/\/agora.xtec.cat\/esc-renaixencahostalets\/wp-json\/wp\/v2\/posts"}],"about":[{"href":"https:\/\/agora.xtec.cat\/esc-renaixencahostalets\/wp-json\/wp\/v2\/types\/post"}],"author":[{"embeddable":true,"href":"https:\/\/agora.xtec.cat\/esc-renaixencahostalets\/wp-json\/wp\/v2\/users\/107"}],"replies":[{"embeddable":true,"href":"https:\/\/agora.xtec.cat\/esc-renaixencahostalets\/wp-json\/wp\/v2\/comments?post=21580"}],"version-history":[{"count":4,"href":"https:\/\/agora.xtec.cat\/esc-renaixencahostalets\/wp-json\/wp\/v2\/posts\/21580\/revisions"}],"predecessor-version":[{"id":21585,"href":"https:\/\/agora.xtec.cat\/esc-renaixencahostalets\/wp-json\/wp\/v2\/posts\/21580\/revisions\/21585"}],"wp:featuredmedia":[{"embeddable":true,"href":"https:\/\/agora.xtec.cat\/esc-renaixencahostalets\/wp-json\/wp\/v2\/media\/21583"}],"wp:attachment":[{"href":"https:\/\/agora.xtec.cat\/esc-renaixencahostalets\/wp-json\/wp\/v2\/media?parent=21580"}],"wp:term":[{"taxonomy":"category","embeddable":true,"href":"https:\/\/agora.xtec.cat\/esc-renaixencahostalets\/wp-json\/wp\/v2\/categories?post=21580"},{"taxonomy":"post_tag","embeddable":true,"href":"https:\/\/agora.xtec.cat\/esc-renaixencahostalets\/wp-json\/wp\/v2\/tags?post=21580"}],"curies":[{"name":"wp","href":"https:\/\/api.w.org\/{rel}","templated":true}]}}