{"id":21556,"date":"2025-04-01T14:40:45","date_gmt":"2025-04-01T12:40:45","guid":{"rendered":"https:\/\/agora.xtec.cat\/esc-renaixencahostalets\/?p=21556"},"modified":"2025-04-01T16:17:11","modified_gmt":"2025-04-01T14:17:11","slug":"mostra-de-primavera","status":"publish","type":"post","link":"https:\/\/agora.xtec.cat\/esc-renaixencahostalets\/general\/mostra-de-primavera\/","title":{"rendered":"Mostra de primavera"},"content":{"rendered":"<p>Aquest passat dilluns l\u2019escola ha obert les portes a les fam\u00edlies amb la <strong>Mostra de Primavera<\/strong>, una jornada especial on els i les alumnes han estat les veritables protagonistes. Les fam\u00edlies han pogut entrar a les aules i descobrir de primera m\u00e0 tot el que s\u2019ha treballat durant el curs.<\/p>\n<p>Des dels m\u00e9s petits fins als m\u00e9s grans, l\u2019alumnat ha explicat amb entusiasme les activitats, projectes i materials exposats a les seves aules. Ha estat una experi\u00e8ncia enriquidora tant per als infants com per a les fam\u00edlies, que han pogut veure com s\u2019apr\u00e8n dia a dia a l\u2019escola. Des de maquetes i experiments fins a murals i produccions art\u00edstiques, cada rac\u00f3 ha reflectit l\u2019esfor\u00e7 i la dedicaci\u00f3 de l\u2019alumnat. A m\u00e9s, moltes fam\u00edlies han aprofitat per fer preguntes als seus fills i filles, generant converses molt interessants sobre el proc\u00e9s d\u2019aprenentatge.<\/p>\n<p>Volem agrair a totes les fam\u00edlies la seva assist\u00e8ncia i el seu inter\u00e8s. La <strong>Mostra de Primavera<\/strong> ha estat, sens dubte, una oportunitat per compartir i celebrar l\u2019educaci\u00f3 amb tota la comunitat educativa. Gr\u00e0cies per fer-la possible!<\/p>\n","protected":false},"excerpt":{"rendered":"<p>Aquest passat dilluns l\u2019escola ha obert les portes a les fam\u00edlies amb la Mostra de Primavera, una jornada especial on els i les alumnes han estat les veritables protagonistes. Les fam\u00edlies han pogut entrar a les aules i descobrir de primera m\u00e0 tot el que&hellip;  <a href=\"https:\/\/agora.xtec.cat\/esc-renaixencahostalets\/general\/mostra-de-primavera\/\" title=\"Read Mostra de primavera\">Llegeix m\u00e9s\u00bb<\/a><\/p>\n","protected":false},"author":107,"featured_media":21568,"comment_status":"open","ping_status":"closed","sticky":false,"template":"","format":"standard","meta":{"_bbp_topic_count":0,"_bbp_reply_count":0,"_bbp_total_topic_count":0,"_bbp_total_reply_count":0,"_bbp_voice_count":0,"_bbp_anonymous_reply_count":0,"_bbp_topic_count_hidden":0,"_bbp_reply_count_hidden":0,"_bbp_forum_subforum_count":0,"footnotes":""},"categories":[1],"tags":[],"class_list":["post-21556","post","type-post","status-publish","format-standard","has-post-thumbnail","hentry","category-general"],"post_mailing_queue_ids":[],"_links":{"self":[{"href":"https:\/\/agora.xtec.cat\/esc-renaixencahostalets\/wp-json\/wp\/v2\/posts\/21556","targetHints":{"allow":["GET"]}}],"collection":[{"href":"https:\/\/agora.xtec.cat\/esc-renaixencahostalets\/wp-json\/wp\/v2\/posts"}],"about":[{"href":"https:\/\/agora.xtec.cat\/esc-renaixencahostalets\/wp-json\/wp\/v2\/types\/post"}],"author":[{"embeddable":true,"href":"https:\/\/agora.xtec.cat\/esc-renaixencahostalets\/wp-json\/wp\/v2\/users\/107"}],"replies":[{"embeddable":true,"href":"https:\/\/agora.xtec.cat\/esc-renaixencahostalets\/wp-json\/wp\/v2\/comments?post=21556"}],"version-history":[{"count":5,"href":"https:\/\/agora.xtec.cat\/esc-renaixencahostalets\/wp-json\/wp\/v2\/posts\/21556\/revisions"}],"predecessor-version":[{"id":21567,"href":"https:\/\/agora.xtec.cat\/esc-renaixencahostalets\/wp-json\/wp\/v2\/posts\/21556\/revisions\/21567"}],"wp:featuredmedia":[{"embeddable":true,"href":"https:\/\/agora.xtec.cat\/esc-renaixencahostalets\/wp-json\/wp\/v2\/media\/21568"}],"wp:attachment":[{"href":"https:\/\/agora.xtec.cat\/esc-renaixencahostalets\/wp-json\/wp\/v2\/media?parent=21556"}],"wp:term":[{"taxonomy":"category","embeddable":true,"href":"https:\/\/agora.xtec.cat\/esc-renaixencahostalets\/wp-json\/wp\/v2\/categories?post=21556"},{"taxonomy":"post_tag","embeddable":true,"href":"https:\/\/agora.xtec.cat\/esc-renaixencahostalets\/wp-json\/wp\/v2\/tags?post=21556"}],"curies":[{"name":"wp","href":"https:\/\/api.w.org\/{rel}","templated":true}]}}