{"id":21551,"date":"2025-04-01T16:00:14","date_gmt":"2025-04-01T14:00:14","guid":{"rendered":"https:\/\/agora.xtec.cat\/esc-renaixencahostalets\/?p=21551"},"modified":"2025-04-02T07:02:25","modified_gmt":"2025-04-02T05:02:25","slug":"falcons-i-sardanes","status":"publish","type":"post","link":"https:\/\/agora.xtec.cat\/esc-renaixencahostalets\/general\/falcons-i-sardanes\/","title":{"rendered":"Falcons i sardanes"},"content":{"rendered":"<p>Ahir l&#8217;alumnat de P3 va dur a terme una actuaci\u00f3 de Falcons i l&#8217;alumnat de P4 una de sardanes a la pista del pati de l\u2019Institut Escola Renaixen\u00e7a. Pel que fa a l&#8217;actuaci\u00f3 de falcons, va ser la culminaci\u00f3 d\u2019un seguit de sessions d\u2019educaci\u00f3 f\u00edsica en les que l\u2019alumnat va practicar tres figures de falcons amb l\u2019ajuda i la col\u00b7laboraci\u00f3 de diverses persones dels Falcons de Piera. D\u2019aquesta manera, l\u2019alumnat ha pogut treballar l\u2019equilibri, la confian\u00e7a en un\/a mateix\/a, l\u2019esperit de superaci\u00f3, les normes b\u00e0siques de seguretat, la solidaritat, la cooperaci\u00f3, el respecte i la capacitat d\u2019organitzaci\u00f3. En refer\u00e8ncia a la ballada de sardanes,\u00a0durant les classes de m\u00fasica hem treballat la cobla i les sardanes com a dansa tradicional catalana. Durant unes sessions hem treballat els curts i els llargs i finalment, ahir vam exposar la dansa \u201cBaixant de la Font del Gat\u201d interpretada per la Cobla de Sant Jordi. Aquesta, per\u00f2, hi han afegit uns tocs electr\u00f2nics, per fer-la m\u00e9s moderna, i aix\u00ed ho vam interpretar! Va ser una experi\u00e8ncia \u00fanica i molt enriquidora.<\/p>\n<p><a href=\"https:\/\/agora.xtec.cat\/esc-renaixencahostalets\/wp-content\/uploads\/usu1823\/2025\/04\/falcons.png\"><img loading=\"lazy\" decoding=\"async\" class=\"aligncenter wp-image-21559 \" src=\"https:\/\/agora.xtec.cat\/esc-renaixencahostalets\/wp-content\/uploads\/usu1823\/2025\/04\/falcons.png\" alt=\"\" width=\"616\" height=\"195\" srcset=\"https:\/\/agora.xtec.cat\/esc-renaixencahostalets\/wp-content\/uploads\/usu1823\/2025\/04\/falcons.png 452w, https:\/\/agora.xtec.cat\/esc-renaixencahostalets\/wp-content\/uploads\/usu1823\/2025\/04\/falcons-300x95.png 300w\" sizes=\"auto, (max-width: 616px) 100vw, 616px\" \/><\/a><\/p>\n","protected":false},"excerpt":{"rendered":"<p>Ahir l&#8217;alumnat de P3 va dur a terme una actuaci\u00f3 de Falcons i l&#8217;alumnat de P4 una de sardanes al pati de l\u2019Institut Escola Renaixen\u00e7a.&hellip;  <a href=\"https:\/\/agora.xtec.cat\/esc-renaixencahostalets\/general\/falcons-i-sardanes\/\" title=\"Read Falcons i sardanes\">Llegeix m\u00e9s\u00bb<\/a><\/p>\n","protected":false},"author":107,"featured_media":21559,"comment_status":"closed","ping_status":"closed","sticky":false,"template":"","format":"standard","meta":{"_bbp_topic_count":0,"_bbp_reply_count":0,"_bbp_total_topic_count":0,"_bbp_total_reply_count":0,"_bbp_voice_count":0,"_bbp_anonymous_reply_count":0,"_bbp_topic_count_hidden":0,"_bbp_reply_count_hidden":0,"_bbp_forum_subforum_count":0,"footnotes":""},"categories":[154,1],"tags":[],"class_list":["post-21551","post","type-post","status-publish","format-standard","has-post-thumbnail","hentry","category-educacio-fisica","category-general"],"post_mailing_queue_ids":[],"_links":{"self":[{"href":"https:\/\/agora.xtec.cat\/esc-renaixencahostalets\/wp-json\/wp\/v2\/posts\/21551","targetHints":{"allow":["GET"]}}],"collection":[{"href":"https:\/\/agora.xtec.cat\/esc-renaixencahostalets\/wp-json\/wp\/v2\/posts"}],"about":[{"href":"https:\/\/agora.xtec.cat\/esc-renaixencahostalets\/wp-json\/wp\/v2\/types\/post"}],"author":[{"embeddable":true,"href":"https:\/\/agora.xtec.cat\/esc-renaixencahostalets\/wp-json\/wp\/v2\/users\/107"}],"replies":[{"embeddable":true,"href":"https:\/\/agora.xtec.cat\/esc-renaixencahostalets\/wp-json\/wp\/v2\/comments?post=21551"}],"version-history":[{"count":4,"href":"https:\/\/agora.xtec.cat\/esc-renaixencahostalets\/wp-json\/wp\/v2\/posts\/21551\/revisions"}],"predecessor-version":[{"id":21569,"href":"https:\/\/agora.xtec.cat\/esc-renaixencahostalets\/wp-json\/wp\/v2\/posts\/21551\/revisions\/21569"}],"wp:featuredmedia":[{"embeddable":true,"href":"https:\/\/agora.xtec.cat\/esc-renaixencahostalets\/wp-json\/wp\/v2\/media\/21559"}],"wp:attachment":[{"href":"https:\/\/agora.xtec.cat\/esc-renaixencahostalets\/wp-json\/wp\/v2\/media?parent=21551"}],"wp:term":[{"taxonomy":"category","embeddable":true,"href":"https:\/\/agora.xtec.cat\/esc-renaixencahostalets\/wp-json\/wp\/v2\/categories?post=21551"},{"taxonomy":"post_tag","embeddable":true,"href":"https:\/\/agora.xtec.cat\/esc-renaixencahostalets\/wp-json\/wp\/v2\/tags?post=21551"}],"curies":[{"name":"wp","href":"https:\/\/api.w.org\/{rel}","templated":true}]}}