{"id":21539,"date":"2025-03-28T16:35:12","date_gmt":"2025-03-28T15:35:12","guid":{"rendered":"https:\/\/agora.xtec.cat\/esc-renaixencahostalets\/?p=21539"},"modified":"2025-03-28T14:17:59","modified_gmt":"2025-03-28T13:17:59","slug":"lenglish-week-a-lie-renaixenca-im-feeling-good","status":"publish","type":"post","link":"https:\/\/agora.xtec.cat\/esc-renaixencahostalets\/general\/lenglish-week-a-lie-renaixenca-im-feeling-good\/","title":{"rendered":"English Week a l&#8217;IE Renaixen\u00e7a: &#8220;I&#8217;m Feeling Good!&#8221;"},"content":{"rendered":"<p>Del 24 al 28 de mar\u00e7, a l&#8217;escola IE Renaixen\u00e7a hem celebrat l\u2019<strong>English Week<\/strong>, i aquest any ha girat entorn del tema <em>&#8220;I&#8217;m Feeling Good&#8221;<\/em>. Cada cicle ha treballat una emoci\u00f3 diferent per con\u00e8ixer millor els nostres sentiments i expressar-los en angl\u00e8s.<\/p>\n<p><a href=\"https:\/\/agora.xtec.cat\/esc-renaixencahostalets\/wp-content\/uploads\/usu1823\/2025\/03\/98.jpg\"><img loading=\"lazy\" decoding=\"async\" class=\"alignnone wp-image-21540\" src=\"https:\/\/agora.xtec.cat\/esc-renaixencahostalets\/wp-content\/uploads\/usu1823\/2025\/03\/98-1024x576.jpg\" alt=\"\" width=\"387\" height=\"218\" srcset=\"https:\/\/agora.xtec.cat\/esc-renaixencahostalets\/wp-content\/uploads\/usu1823\/2025\/03\/98-1024x576.jpg 1024w, https:\/\/agora.xtec.cat\/esc-renaixencahostalets\/wp-content\/uploads\/usu1823\/2025\/03\/98-300x169.jpg 300w, https:\/\/agora.xtec.cat\/esc-renaixencahostalets\/wp-content\/uploads\/usu1823\/2025\/03\/98-768x432.jpg 768w, https:\/\/agora.xtec.cat\/esc-renaixencahostalets\/wp-content\/uploads\/usu1823\/2025\/03\/98-1536x864.jpg 1536w, https:\/\/agora.xtec.cat\/esc-renaixencahostalets\/wp-content\/uploads\/usu1823\/2025\/03\/98.jpg 1920w\" sizes=\"auto, (max-width: 387px) 100vw, 387px\" \/><\/a><\/p>\n<ul>\n<li><strong>Infantil: <\/strong>Els m\u00e9s petits han treballat les diferents emocions a trav\u00e9s de jocs per sentir-se b\u00e9 i han gaudit dels contes que els alumnes de Cicle Superior.<\/li>\n<li><strong>Cicle Inicial: &#8220;Good&#8221; <\/strong>Els m\u00e9s petits han ballat al ritme de <em>I&#8217;m feeling good.<\/em> Amb molt d&#8217;entusiasme, han apr\u00e8s una coreografia que transmet alegria i energia positiva. Tamb\u00e9 han pogut escoltar el conte del Monstre de colors dels alumnes de 5\u00e8 de prim\u00e0ria.<\/li>\n<\/ul>\n<p><a href=\"https:\/\/agora.xtec.cat\/esc-renaixencahostalets\/wp-content\/uploads\/usu1823\/2025\/03\/99.jpg\"><img loading=\"lazy\" decoding=\"async\" class=\"alignnone wp-image-21541\" src=\"https:\/\/agora.xtec.cat\/esc-renaixencahostalets\/wp-content\/uploads\/usu1823\/2025\/03\/99-1024x576.jpg\" alt=\"\" width=\"460\" height=\"259\" srcset=\"https:\/\/agora.xtec.cat\/esc-renaixencahostalets\/wp-content\/uploads\/usu1823\/2025\/03\/99-1024x576.jpg 1024w, https:\/\/agora.xtec.cat\/esc-renaixencahostalets\/wp-content\/uploads\/usu1823\/2025\/03\/99-300x169.jpg 300w, https:\/\/agora.xtec.cat\/esc-renaixencahostalets\/wp-content\/uploads\/usu1823\/2025\/03\/99-768x432.jpg 768w, https:\/\/agora.xtec.cat\/esc-renaixencahostalets\/wp-content\/uploads\/usu1823\/2025\/03\/99-1536x864.jpg 1536w, https:\/\/agora.xtec.cat\/esc-renaixencahostalets\/wp-content\/uploads\/usu1823\/2025\/03\/99.jpg 1920w\" sizes=\"auto, (max-width: 460px) 100vw, 460px\" \/><\/a><\/p>\n<ul>\n<li>\u00a0<strong>Cicle Mitj\u00e0: &#8220;Happy&#8221; <\/strong>Els alumnes de cicle mitj\u00e0 han vist els curtmetratges d&#8217;<em>Inside Out<\/em> i han reflexionat sobre les emocions. A m\u00e9s, han creat uns fant\u00e0stics p\u00f2sters decoratius per a l\u2019entrada de l\u2019escola, compartint missatges alegres i motivadors sobre la felicitat i all\u00f2 que els fa sentir contents. Tamb\u00e9 han escoltat l&#8217;animada can\u00e7\u00f3 de Pharell Williams: &#8220;Happy&#8221;.<\/li>\n<\/ul>\n<p><a href=\"https:\/\/agora.xtec.cat\/esc-renaixencahostalets\/wp-content\/uploads\/usu1823\/2025\/03\/100.jpg\"><img loading=\"lazy\" decoding=\"async\" class=\"alignnone wp-image-21542\" src=\"https:\/\/agora.xtec.cat\/esc-renaixencahostalets\/wp-content\/uploads\/usu1823\/2025\/03\/100-1024x576.jpg\" alt=\"\" width=\"436\" height=\"245\" srcset=\"https:\/\/agora.xtec.cat\/esc-renaixencahostalets\/wp-content\/uploads\/usu1823\/2025\/03\/100-1024x576.jpg 1024w, https:\/\/agora.xtec.cat\/esc-renaixencahostalets\/wp-content\/uploads\/usu1823\/2025\/03\/100-300x169.jpg 300w, https:\/\/agora.xtec.cat\/esc-renaixencahostalets\/wp-content\/uploads\/usu1823\/2025\/03\/100-768x432.jpg 768w, https:\/\/agora.xtec.cat\/esc-renaixencahostalets\/wp-content\/uploads\/usu1823\/2025\/03\/100-1536x864.jpg 1536w, https:\/\/agora.xtec.cat\/esc-renaixencahostalets\/wp-content\/uploads\/usu1823\/2025\/03\/100.jpg 1920w\" sizes=\"auto, (max-width: 436px) 100vw, 436px\" \/><\/a><\/p>\n<ul>\n<li><strong style=\"font-family: inherit; font-size: 1em;\">Cicle Superior: &#8220;Great&#8221; i &#8220;Grumpy&#8221; <\/strong>Els alumnes de 5\u00e8 de Prim\u00e0ria han preparat i explicat el conte del Monstre de colors als m\u00e9s petits i han treballat al voltant d&#8217;elles. Els alumnes de 6\u00e8 han treballat l\u2019emoci\u00f3 de sentir-se malhumorats i com gestionar-ho. Han creat uns <em style=\"font-family: inherit; font-size: 1em;\">grumpy monsters<\/em><span style=\"font-family: inherit; font-size: 1em;\"> amb idees per sentir-se millor i aprendre a gestionar aquest sentiment i hem creat una exposici\u00f3 a l&#8217;aula amb totes les propostes.\u00a0<\/span><\/li>\n<\/ul>\n<p><a href=\"https:\/\/agora.xtec.cat\/esc-renaixencahostalets\/wp-content\/uploads\/usu1823\/2025\/03\/101.jpg\"><img loading=\"lazy\" decoding=\"async\" class=\"alignnone wp-image-21543\" src=\"https:\/\/agora.xtec.cat\/esc-renaixencahostalets\/wp-content\/uploads\/usu1823\/2025\/03\/101-1024x576.jpg\" alt=\"\" width=\"409\" height=\"230\" srcset=\"https:\/\/agora.xtec.cat\/esc-renaixencahostalets\/wp-content\/uploads\/usu1823\/2025\/03\/101-1024x576.jpg 1024w, https:\/\/agora.xtec.cat\/esc-renaixencahostalets\/wp-content\/uploads\/usu1823\/2025\/03\/101-300x169.jpg 300w, https:\/\/agora.xtec.cat\/esc-renaixencahostalets\/wp-content\/uploads\/usu1823\/2025\/03\/101-768x432.jpg 768w, https:\/\/agora.xtec.cat\/esc-renaixencahostalets\/wp-content\/uploads\/usu1823\/2025\/03\/101-1536x864.jpg 1536w, https:\/\/agora.xtec.cat\/esc-renaixencahostalets\/wp-content\/uploads\/usu1823\/2025\/03\/101.jpg 1920w\" sizes=\"auto, (max-width: 409px) 100vw, 409px\" \/><\/a><\/p>\n<ul>\n<li><strong>ESO: <strong style=\"font-family: inherit; font-size: 1em;\">&#8220;Grumpy&#8221; <\/strong><\/strong>Els alumnes de l&#8217;ESO han fet diferents activitats creatives per parlar d&#8217;emocions i han creat el seu monstre de les emocions &#8220;My emotion monster&#8221;.<\/li>\n<\/ul>\n<p><a href=\"https:\/\/agora.xtec.cat\/esc-renaixencahostalets\/wp-content\/uploads\/usu1823\/2025\/03\/102.jpg\"><img loading=\"lazy\" decoding=\"async\" class=\"alignnone wp-image-21544\" src=\"https:\/\/agora.xtec.cat\/esc-renaixencahostalets\/wp-content\/uploads\/usu1823\/2025\/03\/102-1024x576.jpg\" alt=\"\" width=\"346\" height=\"195\" srcset=\"https:\/\/agora.xtec.cat\/esc-renaixencahostalets\/wp-content\/uploads\/usu1823\/2025\/03\/102-1024x576.jpg 1024w, https:\/\/agora.xtec.cat\/esc-renaixencahostalets\/wp-content\/uploads\/usu1823\/2025\/03\/102-300x169.jpg 300w, https:\/\/agora.xtec.cat\/esc-renaixencahostalets\/wp-content\/uploads\/usu1823\/2025\/03\/102-768x432.jpg 768w, https:\/\/agora.xtec.cat\/esc-renaixencahostalets\/wp-content\/uploads\/usu1823\/2025\/03\/102-1536x864.jpg 1536w, https:\/\/agora.xtec.cat\/esc-renaixencahostalets\/wp-content\/uploads\/usu1823\/2025\/03\/102.jpg 1920w\" sizes=\"auto, (max-width: 346px) 100vw, 346px\" \/><\/a><\/p>\n<p><a href=\"https:\/\/agora.xtec.cat\/esc-renaixencahostalets\/wp-content\/uploads\/usu1823\/2025\/03\/103.jpg\"><img loading=\"lazy\" decoding=\"async\" class=\"alignnone wp-image-21545\" src=\"https:\/\/agora.xtec.cat\/esc-renaixencahostalets\/wp-content\/uploads\/usu1823\/2025\/03\/103-1024x576.jpg\" alt=\"\" width=\"347\" height=\"195\" srcset=\"https:\/\/agora.xtec.cat\/esc-renaixencahostalets\/wp-content\/uploads\/usu1823\/2025\/03\/103-1024x576.jpg 1024w, https:\/\/agora.xtec.cat\/esc-renaixencahostalets\/wp-content\/uploads\/usu1823\/2025\/03\/103-300x169.jpg 300w, https:\/\/agora.xtec.cat\/esc-renaixencahostalets\/wp-content\/uploads\/usu1823\/2025\/03\/103-768x432.jpg 768w, https:\/\/agora.xtec.cat\/esc-renaixencahostalets\/wp-content\/uploads\/usu1823\/2025\/03\/103-1536x864.jpg 1536w, https:\/\/agora.xtec.cat\/esc-renaixencahostalets\/wp-content\/uploads\/usu1823\/2025\/03\/103.jpg 1920w\" sizes=\"auto, (max-width: 347px) 100vw, 347px\" \/><\/a><\/p>\n<p>Ha estat una setmana plena d\u2019aprenentatges, creativitat i diversi\u00f3, sempre amb l\u2019angl\u00e8s com a protagonista!<\/p>\n<p>Moltes gr\u00e0cies a tots i a totes per la vostra col\u00b7laboraci\u00f3!<\/p>\n<p>#EnglishWeek #ImFeelingGood<\/p>\n<p><a href=\"https:\/\/agora.xtec.cat\/esc-renaixencahostalets\/wp-content\/uploads\/usu1823\/2025\/03\/English-week-IE-Renaixenca.jpg\"><img loading=\"lazy\" decoding=\"async\" class=\"alignnone wp-image-21546\" src=\"https:\/\/agora.xtec.cat\/esc-renaixencahostalets\/wp-content\/uploads\/usu1823\/2025\/03\/English-week-IE-Renaixenca-1024x576.jpg\" alt=\"\" width=\"496\" height=\"279\" srcset=\"https:\/\/agora.xtec.cat\/esc-renaixencahostalets\/wp-content\/uploads\/usu1823\/2025\/03\/English-week-IE-Renaixenca-1024x576.jpg 1024w, https:\/\/agora.xtec.cat\/esc-renaixencahostalets\/wp-content\/uploads\/usu1823\/2025\/03\/English-week-IE-Renaixenca-300x169.jpg 300w, https:\/\/agora.xtec.cat\/esc-renaixencahostalets\/wp-content\/uploads\/usu1823\/2025\/03\/English-week-IE-Renaixenca-768x432.jpg 768w, https:\/\/agora.xtec.cat\/esc-renaixencahostalets\/wp-content\/uploads\/usu1823\/2025\/03\/English-week-IE-Renaixenca-1536x864.jpg 1536w, https:\/\/agora.xtec.cat\/esc-renaixencahostalets\/wp-content\/uploads\/usu1823\/2025\/03\/English-week-IE-Renaixenca.jpg 1920w\" sizes=\"auto, (max-width: 496px) 100vw, 496px\" \/><\/a><\/p>\n","protected":false},"excerpt":{"rendered":"<p>Del 24 al 28 de mar\u00e7, a l&#8217;escola IE Renaixen\u00e7a hem celebrat l\u2019English Week, i aquest any ha girat entorn del tema &#8220;I&#8217;m Feeling Good&#8221;. Cada cicle ha treballat una emoci\u00f3 diferent per con\u00e8ixer millor els nostres sentiments i expressar-los en angl\u00e8s.<br \/>\n<a href=\"https:\/\/agora.xtec.cat\/esc-renaixencahostalets\/wp-content\/uploads\/usu1823\/2025\/03\/98.jpg\"><\/a><\/p>\n<ul>\n<li>Infantil: Els m\u00e9s&hellip;  <a href=\"https:\/\/agora.xtec.cat\/esc-renaixencahostalets\/general\/lenglish-week-a-lie-renaixenca-im-feeling-good\/\" title=\"Read English Week a l&#8217;IE Renaixen\u00e7a: &#8220;I&#8217;m Feeling Good!&#8221;\">Llegeix m\u00e9s\u00bb<\/a><br \/>\n","protected":false},"author":107,"featured_media":21546,"comment_status":"closed","ping_status":"closed","sticky":false,"template":"","format":"standard","meta":{"_bbp_topic_count":0,"_bbp_reply_count":0,"_bbp_total_topic_count":0,"_bbp_total_reply_count":0,"_bbp_voice_count":0,"_bbp_anonymous_reply_count":0,"_bbp_topic_count_hidden":0,"_bbp_reply_count_hidden":0,"_bbp_forum_subforum_count":0,"footnotes":""},"categories":[158,1],"tags":[],"class_list":["post-21539","post","type-post","status-publish","format-standard","has-post-thumbnail","hentry","category-english","category-general"],"post_mailing_queue_ids":[],"_links":{"self":[{"href":"https:\/\/agora.xtec.cat\/esc-renaixencahostalets\/wp-json\/wp\/v2\/posts\/21539","targetHints":{"allow":["GET"]}}],"collection":[{"href":"https:\/\/agora.xtec.cat\/esc-renaixencahostalets\/wp-json\/wp\/v2\/posts"}],"about":[{"href":"https:\/\/agora.xtec.cat\/esc-renaixencahostalets\/wp-json\/wp\/v2\/types\/post"}],"author":[{"embeddable":true,"href":"https:\/\/agora.xtec.cat\/esc-renaixencahostalets\/wp-json\/wp\/v2\/users\/107"}],"replies":[{"embeddable":true,"href":"https:\/\/agora.xtec.cat\/esc-renaixencahostalets\/wp-json\/wp\/v2\/comments?post=21539"}],"version-history":[{"count":3,"href":"https:\/\/agora.xtec.cat\/esc-renaixencahostalets\/wp-json\/wp\/v2\/posts\/21539\/revisions"}],"predecessor-version":[{"id":21549,"href":"https:\/\/agora.xtec.cat\/esc-renaixencahostalets\/wp-json\/wp\/v2\/posts\/21539\/revisions\/21549"}],"wp:featuredmedia":[{"embeddable":true,"href":"https:\/\/agora.xtec.cat\/esc-renaixencahostalets\/wp-json\/wp\/v2\/media\/21546"}],"wp:attachment":[{"href":"https:\/\/agora.xtec.cat\/esc-renaixencahostalets\/wp-json\/wp\/v2\/media?parent=21539"}],"wp:term":[{"taxonomy":"category","embeddable":true,"href":"https:\/\/agora.xtec.cat\/esc-renaixencahostalets\/wp-json\/wp\/v2\/categories?post=21539"},{"taxonomy":"post_tag","embeddable":true,"href":"https:\/\/agora.xtec.cat\/esc-renaixencahostalets\/wp-json\/wp\/v2\/tags?post=21539"}],"curies":[{"name":"wp","href":"https:\/\/api.w.org\/{rel}","templated":true}]}}