{"id":21535,"date":"2025-03-27T10:40:30","date_gmt":"2025-03-27T09:40:30","guid":{"rendered":"https:\/\/agora.xtec.cat\/esc-renaixencahostalets\/?p=21535"},"modified":"2025-04-01T06:58:23","modified_gmt":"2025-04-01T04:58:23","slug":"xerrades-deducacio-menstrual-a-p6","status":"publish","type":"post","link":"https:\/\/agora.xtec.cat\/esc-renaixencahostalets\/general\/xerrades-deducacio-menstrual-a-p6\/","title":{"rendered":"Xerrades d&#8217;educaci\u00f3 menstrual a P6"},"content":{"rendered":"<div>\n<p data-pm-slice=\"1 1 []\">L&#8217;Agn\u00e8s Font ha dut a terme xerrades relacionades amb l&#8217;educaci\u00f3 menstrual i la ciclicitat per l&#8217;alumnat de P6 a l&#8217;IE Renaixen\u00e7a durant aquest mes de mar\u00e7. Despr\u00e9s d&#8217;haver treballat els aparells i sistemes del cos hum\u00e0 han participat en aquestes xerrades.\u00a0Aquest conjunt de xerrades pels grups de P6 s&#8217;han pogut dur a terme gr\u00e0cies a la coordinaci\u00f3 de la tallerista amb el tutor i la tutora de cada grup i a la regidoria d&#8217;Acci\u00f3 Social i Salut de l&#8217;Ajuntament dels Hostalets de Pierola.<\/p>\n<\/div>\n<p data-pm-slice=\"1 1 []\">Des de la Regidoria de Salut, aquests tallers escolars s\u2019emmarquen dins del projecte &#8220;La natura que soc&#8221;, concretament en el bloc dedicat a la menarquia (primera menstruaci\u00f3). Aquesta iniciativa dona continu\u00eftat a la proposta transversal iniciada l\u2019any passat amb &#8220;M\u00e9s enll\u00e0 de les Regles&#8221;.<\/p>\n<div><img loading=\"lazy\" decoding=\"async\" class=\"size-full wp-image-21537 aligncenter\" src=\"https:\/\/agora.xtec.cat\/esc-renaixencahostalets\/wp-content\/uploads\/usu1823\/2025\/03\/image-2.png\" alt=\"\" width=\"697\" height=\"407\" srcset=\"https:\/\/agora.xtec.cat\/esc-renaixencahostalets\/wp-content\/uploads\/usu1823\/2025\/03\/image-2.png 697w, https:\/\/agora.xtec.cat\/esc-renaixencahostalets\/wp-content\/uploads\/usu1823\/2025\/03\/image-2-300x175.png 300w\" sizes=\"auto, (max-width: 697px) 100vw, 697px\" \/><\/div>\n","protected":false},"excerpt":{"rendered":"<p>L&#8217;Agn\u00e8s Font ha dut a terme xerrades relacionades amb l&#8217;educaci\u00f3 menstrual i la ciclicitat per l&#8217;alumnat de P6 a l&#8217;IE Renaixen\u00e7a durant aquest mes de mar\u00e7.&hellip;  <a href=\"https:\/\/agora.xtec.cat\/esc-renaixencahostalets\/general\/xerrades-deducacio-menstrual-a-p6\/\" title=\"Read Xerrades d&#8217;educaci\u00f3 menstrual a P6\">Llegeix m\u00e9s\u00bb<\/a><\/p>\n","protected":false},"author":26,"featured_media":21537,"comment_status":"closed","ping_status":"closed","sticky":false,"template":"","format":"standard","meta":{"_bbp_topic_count":0,"_bbp_reply_count":0,"_bbp_total_topic_count":0,"_bbp_total_reply_count":0,"_bbp_voice_count":0,"_bbp_anonymous_reply_count":0,"_bbp_topic_count_hidden":0,"_bbp_reply_count_hidden":0,"_bbp_forum_subforum_count":0,"footnotes":""},"categories":[15,140,1],"tags":[],"class_list":["post-21535","post","type-post","status-publish","format-standard","has-post-thumbnail","hentry","category-6e","category-coeducacio","category-general"],"post_mailing_queue_ids":[],"_links":{"self":[{"href":"https:\/\/agora.xtec.cat\/esc-renaixencahostalets\/wp-json\/wp\/v2\/posts\/21535","targetHints":{"allow":["GET"]}}],"collection":[{"href":"https:\/\/agora.xtec.cat\/esc-renaixencahostalets\/wp-json\/wp\/v2\/posts"}],"about":[{"href":"https:\/\/agora.xtec.cat\/esc-renaixencahostalets\/wp-json\/wp\/v2\/types\/post"}],"author":[{"embeddable":true,"href":"https:\/\/agora.xtec.cat\/esc-renaixencahostalets\/wp-json\/wp\/v2\/users\/26"}],"replies":[{"embeddable":true,"href":"https:\/\/agora.xtec.cat\/esc-renaixencahostalets\/wp-json\/wp\/v2\/comments?post=21535"}],"version-history":[{"count":2,"href":"https:\/\/agora.xtec.cat\/esc-renaixencahostalets\/wp-json\/wp\/v2\/posts\/21535\/revisions"}],"predecessor-version":[{"id":21550,"href":"https:\/\/agora.xtec.cat\/esc-renaixencahostalets\/wp-json\/wp\/v2\/posts\/21535\/revisions\/21550"}],"wp:featuredmedia":[{"embeddable":true,"href":"https:\/\/agora.xtec.cat\/esc-renaixencahostalets\/wp-json\/wp\/v2\/media\/21537"}],"wp:attachment":[{"href":"https:\/\/agora.xtec.cat\/esc-renaixencahostalets\/wp-json\/wp\/v2\/media?parent=21535"}],"wp:term":[{"taxonomy":"category","embeddable":true,"href":"https:\/\/agora.xtec.cat\/esc-renaixencahostalets\/wp-json\/wp\/v2\/categories?post=21535"},{"taxonomy":"post_tag","embeddable":true,"href":"https:\/\/agora.xtec.cat\/esc-renaixencahostalets\/wp-json\/wp\/v2\/tags?post=21535"}],"curies":[{"name":"wp","href":"https:\/\/api.w.org\/{rel}","templated":true}]}}