{"id":21523,"date":"2025-03-25T18:22:37","date_gmt":"2025-03-25T17:22:37","guid":{"rendered":"https:\/\/agora.xtec.cat\/esc-renaixencahostalets\/?p=21523"},"modified":"2025-03-25T18:22:37","modified_gmt":"2025-03-25T17:22:37","slug":"educacio-infantil-hem-anat-de-colonies-2","status":"publish","type":"post","link":"https:\/\/agora.xtec.cat\/esc-renaixencahostalets\/general\/educacio-infantil-hem-anat-de-colonies-2\/","title":{"rendered":"Educaci\u00f3 Infantil hem anat de col\u00f2nies!"},"content":{"rendered":"<p class=\"gmail-\">Els dies 11 i 12 de mar\u00e7, els infants d\u2019Educaci\u00f3 Infantil vam anar de col\u00f2nies a Can Mas, a Torrelles de Llobregat. Han estat dos dies plens d\u2019aventures i moments inoblidables!<\/p>\n<p class=\"gmail-\">Hem gaudit dels animals de la granja, hem explorat el bosc en una excursi\u00f3 i hem fet un pal de pluja amb les nostres pr\u00f2pies mans. A m\u00e9s, hem compartit una experi\u00e8ncia \u00fanica convivint amb els companys i companyes de cicle, passant una nit junts fora de casa.<\/p>\n<p class=\"gmail-\">Ens ho hem passat d\u2019all\u00f2 m\u00e9s b\u00e9 i ja esperem amb ganes les pr\u00f2ximes col\u00f2nies!<\/p>\n<p><a href=\"https:\/\/agora.xtec.cat\/esc-renaixencahostalets\/wp-content\/uploads\/usu1823\/2025\/03\/WhatsApp-Image-2025-03-13-at-15.23.45-2.jpeg\"><img loading=\"lazy\" decoding=\"async\" class=\"alignnone size-large wp-image-21524\" src=\"https:\/\/agora.xtec.cat\/esc-renaixencahostalets\/wp-content\/uploads\/usu1823\/2025\/03\/WhatsApp-Image-2025-03-13-at-15.23.45-2-768x1024.jpeg\" alt=\"\" width=\"768\" height=\"1024\" srcset=\"https:\/\/agora.xtec.cat\/esc-renaixencahostalets\/wp-content\/uploads\/usu1823\/2025\/03\/WhatsApp-Image-2025-03-13-at-15.23.45-2-768x1024.jpeg 768w, https:\/\/agora.xtec.cat\/esc-renaixencahostalets\/wp-content\/uploads\/usu1823\/2025\/03\/WhatsApp-Image-2025-03-13-at-15.23.45-2-225x300.jpeg 225w, https:\/\/agora.xtec.cat\/esc-renaixencahostalets\/wp-content\/uploads\/usu1823\/2025\/03\/WhatsApp-Image-2025-03-13-at-15.23.45-2-1152x1536.jpeg 1152w, https:\/\/agora.xtec.cat\/esc-renaixencahostalets\/wp-content\/uploads\/usu1823\/2025\/03\/WhatsApp-Image-2025-03-13-at-15.23.45-2.jpeg 1200w\" sizes=\"auto, (max-width: 768px) 100vw, 768px\" \/><\/a> <a href=\"https:\/\/agora.xtec.cat\/esc-renaixencahostalets\/wp-content\/uploads\/usu1823\/2025\/03\/WhatsApp-Image-2025-03-13-at-15.23.45.jpeg\"><img loading=\"lazy\" decoding=\"async\" class=\"alignnone size-large wp-image-21525\" src=\"https:\/\/agora.xtec.cat\/esc-renaixencahostalets\/wp-content\/uploads\/usu1823\/2025\/03\/WhatsApp-Image-2025-03-13-at-15.23.45-768x1024.jpeg\" alt=\"\" width=\"768\" height=\"1024\" srcset=\"https:\/\/agora.xtec.cat\/esc-renaixencahostalets\/wp-content\/uploads\/usu1823\/2025\/03\/WhatsApp-Image-2025-03-13-at-15.23.45-768x1024.jpeg 768w, https:\/\/agora.xtec.cat\/esc-renaixencahostalets\/wp-content\/uploads\/usu1823\/2025\/03\/WhatsApp-Image-2025-03-13-at-15.23.45-225x300.jpeg 225w, https:\/\/agora.xtec.cat\/esc-renaixencahostalets\/wp-content\/uploads\/usu1823\/2025\/03\/WhatsApp-Image-2025-03-13-at-15.23.45-1152x1536.jpeg 1152w, https:\/\/agora.xtec.cat\/esc-renaixencahostalets\/wp-content\/uploads\/usu1823\/2025\/03\/WhatsApp-Image-2025-03-13-at-15.23.45.jpeg 1200w\" sizes=\"auto, (max-width: 768px) 100vw, 768px\" \/><\/a> <a href=\"https:\/\/agora.xtec.cat\/esc-renaixencahostalets\/wp-content\/uploads\/usu1823\/2025\/03\/WhatsApp-Image-2025-03-13-at-15.23.46-2.jpeg\"><img loading=\"lazy\" decoding=\"async\" class=\"alignnone size-large wp-image-21526\" src=\"https:\/\/agora.xtec.cat\/esc-renaixencahostalets\/wp-content\/uploads\/usu1823\/2025\/03\/WhatsApp-Image-2025-03-13-at-15.23.46-2-484x1024.jpeg\" alt=\"\" width=\"484\" height=\"1024\" srcset=\"https:\/\/agora.xtec.cat\/esc-renaixencahostalets\/wp-content\/uploads\/usu1823\/2025\/03\/WhatsApp-Image-2025-03-13-at-15.23.46-2-484x1024.jpeg 484w, https:\/\/agora.xtec.cat\/esc-renaixencahostalets\/wp-content\/uploads\/usu1823\/2025\/03\/WhatsApp-Image-2025-03-13-at-15.23.46-2-142x300.jpeg 142w, https:\/\/agora.xtec.cat\/esc-renaixencahostalets\/wp-content\/uploads\/usu1823\/2025\/03\/WhatsApp-Image-2025-03-13-at-15.23.46-2-727x1536.jpeg 727w, https:\/\/agora.xtec.cat\/esc-renaixencahostalets\/wp-content\/uploads\/usu1823\/2025\/03\/WhatsApp-Image-2025-03-13-at-15.23.46-2.jpeg 757w\" sizes=\"auto, (max-width: 484px) 100vw, 484px\" \/><\/a> <a href=\"https:\/\/agora.xtec.cat\/esc-renaixencahostalets\/wp-content\/uploads\/usu1823\/2025\/03\/WhatsApp-Image-2025-03-13-at-15.23.46.jpeg\"><img loading=\"lazy\" decoding=\"async\" class=\"alignnone size-large wp-image-21527\" src=\"https:\/\/agora.xtec.cat\/esc-renaixencahostalets\/wp-content\/uploads\/usu1823\/2025\/03\/WhatsApp-Image-2025-03-13-at-15.23.46-559x1024.jpeg\" alt=\"\" width=\"559\" height=\"1024\" srcset=\"https:\/\/agora.xtec.cat\/esc-renaixencahostalets\/wp-content\/uploads\/usu1823\/2025\/03\/WhatsApp-Image-2025-03-13-at-15.23.46-559x1024.jpeg 559w, https:\/\/agora.xtec.cat\/esc-renaixencahostalets\/wp-content\/uploads\/usu1823\/2025\/03\/WhatsApp-Image-2025-03-13-at-15.23.46-164x300.jpeg 164w, https:\/\/agora.xtec.cat\/esc-renaixencahostalets\/wp-content\/uploads\/usu1823\/2025\/03\/WhatsApp-Image-2025-03-13-at-15.23.46-768x1406.jpeg 768w, https:\/\/agora.xtec.cat\/esc-renaixencahostalets\/wp-content\/uploads\/usu1823\/2025\/03\/WhatsApp-Image-2025-03-13-at-15.23.46-839x1536.jpeg 839w, https:\/\/agora.xtec.cat\/esc-renaixencahostalets\/wp-content\/uploads\/usu1823\/2025\/03\/WhatsApp-Image-2025-03-13-at-15.23.46.jpeg 874w\" sizes=\"auto, (max-width: 559px) 100vw, 559px\" \/><\/a> <a href=\"https:\/\/agora.xtec.cat\/esc-renaixencahostalets\/wp-content\/uploads\/usu1823\/2025\/03\/WhatsApp-Image-2025-03-13-at-15.23.47.jpeg\"><img loading=\"lazy\" decoding=\"async\" class=\"alignnone size-large wp-image-21528\" src=\"https:\/\/agora.xtec.cat\/esc-renaixencahostalets\/wp-content\/uploads\/usu1823\/2025\/03\/WhatsApp-Image-2025-03-13-at-15.23.47-1024x985.jpeg\" alt=\"\" width=\"1024\" height=\"985\" srcset=\"https:\/\/agora.xtec.cat\/esc-renaixencahostalets\/wp-content\/uploads\/usu1823\/2025\/03\/WhatsApp-Image-2025-03-13-at-15.23.47-1024x985.jpeg 1024w, https:\/\/agora.xtec.cat\/esc-renaixencahostalets\/wp-content\/uploads\/usu1823\/2025\/03\/WhatsApp-Image-2025-03-13-at-15.23.47-300x289.jpeg 300w, https:\/\/agora.xtec.cat\/esc-renaixencahostalets\/wp-content\/uploads\/usu1823\/2025\/03\/WhatsApp-Image-2025-03-13-at-15.23.47-768x739.jpeg 768w, https:\/\/agora.xtec.cat\/esc-renaixencahostalets\/wp-content\/uploads\/usu1823\/2025\/03\/WhatsApp-Image-2025-03-13-at-15.23.47-1536x1477.jpeg 1536w, https:\/\/agora.xtec.cat\/esc-renaixencahostalets\/wp-content\/uploads\/usu1823\/2025\/03\/WhatsApp-Image-2025-03-13-at-15.23.47.jpeg 1600w\" sizes=\"auto, (max-width: 1024px) 100vw, 1024px\" \/><\/a><\/p>\n","protected":false},"excerpt":{"rendered":"<p>Els dies 11 i 12 de mar\u00e7, els infants d\u2019Educaci\u00f3 Infantil vam anar de col\u00f2nies a Can Mas, a Torrelles de Llobregat. Han estat dos dies plens d\u2019aventures i moments inoblidables!<br \/>\nHem gaudit dels animals de la granja, hem explorat el bosc en una excursi\u00f3 i&hellip;  <a href=\"https:\/\/agora.xtec.cat\/esc-renaixencahostalets\/general\/educacio-infantil-hem-anat-de-colonies-2\/\" title=\"Read Educaci\u00f3 Infantil hem anat de col\u00f2nies!\">Llegeix m\u00e9s\u00bb<\/a><\/p>\n","protected":false},"author":108,"featured_media":0,"comment_status":"open","ping_status":"closed","sticky":false,"template":"","format":"standard","meta":{"_bbp_topic_count":0,"_bbp_reply_count":0,"_bbp_total_topic_count":0,"_bbp_total_reply_count":0,"_bbp_voice_count":0,"_bbp_anonymous_reply_count":0,"_bbp_topic_count_hidden":0,"_bbp_reply_count_hidden":0,"_bbp_forum_subforum_count":0,"footnotes":""},"categories":[1,3,8,9],"tags":[],"class_list":["post-21523","post","type-post","status-publish","format-standard","hentry","category-general","category-i3","category-i4","category-i5"],"post_mailing_queue_ids":[],"_links":{"self":[{"href":"https:\/\/agora.xtec.cat\/esc-renaixencahostalets\/wp-json\/wp\/v2\/posts\/21523","targetHints":{"allow":["GET"]}}],"collection":[{"href":"https:\/\/agora.xtec.cat\/esc-renaixencahostalets\/wp-json\/wp\/v2\/posts"}],"about":[{"href":"https:\/\/agora.xtec.cat\/esc-renaixencahostalets\/wp-json\/wp\/v2\/types\/post"}],"author":[{"embeddable":true,"href":"https:\/\/agora.xtec.cat\/esc-renaixencahostalets\/wp-json\/wp\/v2\/users\/108"}],"replies":[{"embeddable":true,"href":"https:\/\/agora.xtec.cat\/esc-renaixencahostalets\/wp-json\/wp\/v2\/comments?post=21523"}],"version-history":[{"count":1,"href":"https:\/\/agora.xtec.cat\/esc-renaixencahostalets\/wp-json\/wp\/v2\/posts\/21523\/revisions"}],"predecessor-version":[{"id":21529,"href":"https:\/\/agora.xtec.cat\/esc-renaixencahostalets\/wp-json\/wp\/v2\/posts\/21523\/revisions\/21529"}],"wp:attachment":[{"href":"https:\/\/agora.xtec.cat\/esc-renaixencahostalets\/wp-json\/wp\/v2\/media?parent=21523"}],"wp:term":[{"taxonomy":"category","embeddable":true,"href":"https:\/\/agora.xtec.cat\/esc-renaixencahostalets\/wp-json\/wp\/v2\/categories?post=21523"},{"taxonomy":"post_tag","embeddable":true,"href":"https:\/\/agora.xtec.cat\/esc-renaixencahostalets\/wp-json\/wp\/v2\/tags?post=21523"}],"curies":[{"name":"wp","href":"https:\/\/api.w.org\/{rel}","templated":true}]}}