{"id":21520,"date":"2025-03-19T17:25:28","date_gmt":"2025-03-19T16:25:28","guid":{"rendered":"https:\/\/agora.xtec.cat\/esc-renaixencahostalets\/?p=21520"},"modified":"2025-03-19T17:25:35","modified_gmt":"2025-03-19T16:25:35","slug":"claustre-de-coeducacio","status":"publish","type":"post","link":"https:\/\/agora.xtec.cat\/esc-renaixencahostalets\/general\/claustre-de-coeducacio\/","title":{"rendered":"Claustre de coeducaci\u00f3"},"content":{"rendered":"<p data-pm-slice=\"1 1 []\">Aquesta tarda la comissi\u00f3 de coeducaci\u00f3 ha dinamitzat un claustre per aprendre, compartir i reflexionar sobre aquesta tem\u00e0tica. En primer lloc, s&#8217;ha fet una din\u00e0mica apartir de la roda dels privilegis i les opressions per acabar parlant de la interseccionalitat. En segon lloc, s&#8217;ha presentat la comissi\u00f3 de coeducaci\u00f3 d&#8217;aquest curs i els objectius d&#8217;aquesta. En tercer lloc, s&#8217;han analitzat els resultats del formulari que es va passar a inicis de curs al claustre pel que fa a les necessitats i els interessos relacionats amb la coeducaci\u00f3. A continuaci\u00f3, s&#8217;ha explicat el circuit d&#8217;actuaci\u00f3 davant de qualsevol tipus de viol\u00e8ncia en l&#8217;\u00e0mbit educatiu (protocols). Per acabar, cada docent ha treballat al voltant d&#8217;una d&#8217;aquestes tem\u00e0tiques: llenguatge inclusiu, models femenins en \u00e0mbits diversos, banc de recursos, prevenci\u00f3 de la viol\u00e8ncia i literatura infantil i juvenil relacionada amb la coeducaci\u00f3.<img loading=\"lazy\" decoding=\"async\" class=\"alignleft wp-image-21521 size-full\" src=\"https:\/\/agora.xtec.cat\/esc-renaixencahostalets\/wp-content\/uploads\/usu1823\/2025\/03\/image-1.png\" alt=\"\" width=\"1008\" height=\"567\" srcset=\"https:\/\/agora.xtec.cat\/esc-renaixencahostalets\/wp-content\/uploads\/usu1823\/2025\/03\/image-1.png 1008w, https:\/\/agora.xtec.cat\/esc-renaixencahostalets\/wp-content\/uploads\/usu1823\/2025\/03\/image-1-300x169.png 300w, https:\/\/agora.xtec.cat\/esc-renaixencahostalets\/wp-content\/uploads\/usu1823\/2025\/03\/image-1-768x432.png 768w\" sizes=\"auto, (max-width: 1008px) 100vw, 1008px\" \/><\/p>\n<p data-pm-slice=\"1 1 []\">\n","protected":false},"excerpt":{"rendered":"<p>Aquesta tarda la comissi\u00f3 de coeducaci\u00f3 ha dinamitzat un claustre per aprendre, compartir i reflexionar sobre aquesta tem\u00e0tica.&hellip;  <a href=\"https:\/\/agora.xtec.cat\/esc-renaixencahostalets\/general\/claustre-de-coeducacio\/\" title=\"Read Claustre de coeducaci\u00f3\">Llegeix m\u00e9s\u00bb<\/a><\/p>\n","protected":false},"author":26,"featured_media":21521,"comment_status":"closed","ping_status":"closed","sticky":false,"template":"","format":"standard","meta":{"_bbp_topic_count":0,"_bbp_reply_count":0,"_bbp_total_topic_count":0,"_bbp_total_reply_count":0,"_bbp_voice_count":0,"_bbp_anonymous_reply_count":0,"_bbp_topic_count_hidden":0,"_bbp_reply_count_hidden":0,"_bbp_forum_subforum_count":0,"footnotes":""},"categories":[140,1],"tags":[],"class_list":["post-21520","post","type-post","status-publish","format-standard","has-post-thumbnail","hentry","category-coeducacio","category-general"],"post_mailing_queue_ids":[],"_links":{"self":[{"href":"https:\/\/agora.xtec.cat\/esc-renaixencahostalets\/wp-json\/wp\/v2\/posts\/21520","targetHints":{"allow":["GET"]}}],"collection":[{"href":"https:\/\/agora.xtec.cat\/esc-renaixencahostalets\/wp-json\/wp\/v2\/posts"}],"about":[{"href":"https:\/\/agora.xtec.cat\/esc-renaixencahostalets\/wp-json\/wp\/v2\/types\/post"}],"author":[{"embeddable":true,"href":"https:\/\/agora.xtec.cat\/esc-renaixencahostalets\/wp-json\/wp\/v2\/users\/26"}],"replies":[{"embeddable":true,"href":"https:\/\/agora.xtec.cat\/esc-renaixencahostalets\/wp-json\/wp\/v2\/comments?post=21520"}],"version-history":[{"count":1,"href":"https:\/\/agora.xtec.cat\/esc-renaixencahostalets\/wp-json\/wp\/v2\/posts\/21520\/revisions"}],"predecessor-version":[{"id":21522,"href":"https:\/\/agora.xtec.cat\/esc-renaixencahostalets\/wp-json\/wp\/v2\/posts\/21520\/revisions\/21522"}],"wp:featuredmedia":[{"embeddable":true,"href":"https:\/\/agora.xtec.cat\/esc-renaixencahostalets\/wp-json\/wp\/v2\/media\/21521"}],"wp:attachment":[{"href":"https:\/\/agora.xtec.cat\/esc-renaixencahostalets\/wp-json\/wp\/v2\/media?parent=21520"}],"wp:term":[{"taxonomy":"category","embeddable":true,"href":"https:\/\/agora.xtec.cat\/esc-renaixencahostalets\/wp-json\/wp\/v2\/categories?post=21520"},{"taxonomy":"post_tag","embeddable":true,"href":"https:\/\/agora.xtec.cat\/esc-renaixencahostalets\/wp-json\/wp\/v2\/tags?post=21520"}],"curies":[{"name":"wp","href":"https:\/\/api.w.org\/{rel}","templated":true}]}}