{"id":21515,"date":"2025-03-18T17:21:12","date_gmt":"2025-03-18T16:21:12","guid":{"rendered":"https:\/\/agora.xtec.cat\/esc-renaixencahostalets\/?p=21515"},"modified":"2025-03-18T17:21:12","modified_gmt":"2025-03-18T16:21:12","slug":"8m-al-nostre-centre","status":"publish","type":"post","link":"https:\/\/agora.xtec.cat\/esc-renaixencahostalets\/general\/8m-al-nostre-centre\/","title":{"rendered":"8M al nostre centre"},"content":{"rendered":"<p data-pm-slice=\"1 1 []\">Dia a dia treballem la coeducaci\u00f3 a les aules. Aix\u00ed i tot, durant la setmana pr\u00e8via i posterior al 8 de mar\u00e7 tot l\u2019alumnat del centre ha celebrat el Dia Internacional de les Dones. Per una banda, els infants d&#8217;educaci\u00f3 infantil i prim\u00e0ria han dut a terme propostes diverses que han acabat plasmant en una flor per cada grup-classe que s&#8217;ha penjat a l&#8217;entrada del centre:<\/p>\n<ul>\n<li>Educaci\u00f3 infantil ha conegut els oficis de les dones de la fam\u00edlia i les han valorat.<\/li>\n<li>Cicle inicial ha escoltat hist\u00f2ries de dones que han fet canvis significatius al m\u00f3n i han reflexionat sobre les barreres que aquestes dones han superat.<\/li>\n<li>Cicle mitj\u00e0 ha reconegut i valorat el paper de les dones al llarg de la hist\u00f2ria i en la vida quotidiana.<\/li>\n<li>Cicle superior ha reflexionat sobre els estereotips de g\u00e8nere i ha pensat com promoure la igualtat.<\/li>\n<\/ul>\n<p><img loading=\"lazy\" decoding=\"async\" class=\"aligncenter wp-image-21518 size-full\" src=\"https:\/\/agora.xtec.cat\/esc-renaixencahostalets\/wp-content\/uploads\/usu1823\/2025\/03\/8mmmmm.jpg\" alt=\"\" width=\"539\" height=\"218\" srcset=\"https:\/\/agora.xtec.cat\/esc-renaixencahostalets\/wp-content\/uploads\/usu1823\/2025\/03\/8mmmmm.jpg 539w, https:\/\/agora.xtec.cat\/esc-renaixencahostalets\/wp-content\/uploads\/usu1823\/2025\/03\/8mmmmm-300x121.jpg 300w\" sizes=\"auto, (max-width: 539px) 100vw, 539px\" \/><\/p>\n<p>Per altra banda, l&#8217;alumnat d&#8217;educaci\u00f3 secund\u00e0ria ha fet un taller de pancartes i ha llegit el manifest el divendres 7 de mar\u00e7 a les 12 del migdia davant l&#8217;Ajuntament (a la seva <a href=\"https:\/\/elshostaletsdepierola.cat\/8m25\/\">p\u00e0gina web<\/a> trobareu m\u00e9s fotografies d&#8217;aquest acte). A part, han dut a terme activitats per reflexionar els dies previs al 8 de mar\u00e7, com per exemple un &#8220;escape room&#8221; interactiu.<\/p>\n<p><img loading=\"lazy\" decoding=\"async\" class=\"size-medium wp-image-21517 aligncenter\" src=\"https:\/\/agora.xtec.cat\/esc-renaixencahostalets\/wp-content\/uploads\/usu1823\/2025\/03\/8-230x300.jpg\" alt=\"\" width=\"230\" height=\"300\" srcset=\"https:\/\/agora.xtec.cat\/esc-renaixencahostalets\/wp-content\/uploads\/usu1823\/2025\/03\/8-230x300.jpg 230w, https:\/\/agora.xtec.cat\/esc-renaixencahostalets\/wp-content\/uploads\/usu1823\/2025\/03\/8.jpg 251w\" sizes=\"auto, (max-width: 230px) 100vw, 230px\" \/><\/p>\n","protected":false},"excerpt":{"rendered":"<p>Durant la setmana pr\u00e8via i posterior al 8 de mar\u00e7 tot l\u2019alumnat de l&#8217;IE Renaixen\u00e7a ha celebrat el Dia Internacional de les Dones fent activitats diverses.&hellip;  <a href=\"https:\/\/agora.xtec.cat\/esc-renaixencahostalets\/general\/8m-al-nostre-centre\/\" title=\"Read 8M al nostre centre\">Llegeix m\u00e9s\u00bb<\/a><\/p>\n","protected":false},"author":26,"featured_media":21516,"comment_status":"closed","ping_status":"closed","sticky":false,"template":"","format":"standard","meta":{"_bbp_topic_count":0,"_bbp_reply_count":0,"_bbp_total_topic_count":0,"_bbp_total_reply_count":0,"_bbp_voice_count":0,"_bbp_anonymous_reply_count":0,"_bbp_topic_count_hidden":0,"_bbp_reply_count_hidden":0,"_bbp_forum_subforum_count":0,"footnotes":""},"categories":[140,1],"tags":[],"class_list":["post-21515","post","type-post","status-publish","format-standard","has-post-thumbnail","hentry","category-coeducacio","category-general"],"post_mailing_queue_ids":[],"_links":{"self":[{"href":"https:\/\/agora.xtec.cat\/esc-renaixencahostalets\/wp-json\/wp\/v2\/posts\/21515","targetHints":{"allow":["GET"]}}],"collection":[{"href":"https:\/\/agora.xtec.cat\/esc-renaixencahostalets\/wp-json\/wp\/v2\/posts"}],"about":[{"href":"https:\/\/agora.xtec.cat\/esc-renaixencahostalets\/wp-json\/wp\/v2\/types\/post"}],"author":[{"embeddable":true,"href":"https:\/\/agora.xtec.cat\/esc-renaixencahostalets\/wp-json\/wp\/v2\/users\/26"}],"replies":[{"embeddable":true,"href":"https:\/\/agora.xtec.cat\/esc-renaixencahostalets\/wp-json\/wp\/v2\/comments?post=21515"}],"version-history":[{"count":1,"href":"https:\/\/agora.xtec.cat\/esc-renaixencahostalets\/wp-json\/wp\/v2\/posts\/21515\/revisions"}],"predecessor-version":[{"id":21519,"href":"https:\/\/agora.xtec.cat\/esc-renaixencahostalets\/wp-json\/wp\/v2\/posts\/21515\/revisions\/21519"}],"wp:featuredmedia":[{"embeddable":true,"href":"https:\/\/agora.xtec.cat\/esc-renaixencahostalets\/wp-json\/wp\/v2\/media\/21516"}],"wp:attachment":[{"href":"https:\/\/agora.xtec.cat\/esc-renaixencahostalets\/wp-json\/wp\/v2\/media?parent=21515"}],"wp:term":[{"taxonomy":"category","embeddable":true,"href":"https:\/\/agora.xtec.cat\/esc-renaixencahostalets\/wp-json\/wp\/v2\/categories?post=21515"},{"taxonomy":"post_tag","embeddable":true,"href":"https:\/\/agora.xtec.cat\/esc-renaixencahostalets\/wp-json\/wp\/v2\/tags?post=21515"}],"curies":[{"name":"wp","href":"https:\/\/api.w.org\/{rel}","templated":true}]}}