{"id":21507,"date":"2025-03-17T09:54:25","date_gmt":"2025-03-17T08:54:25","guid":{"rendered":"https:\/\/agora.xtec.cat\/esc-renaixencahostalets\/?p=21507"},"modified":"2025-03-17T09:54:25","modified_gmt":"2025-03-17T08:54:25","slug":"16e-cros-escolar-dels-hostalets-de-pierola","status":"publish","type":"post","link":"https:\/\/agora.xtec.cat\/esc-renaixencahostalets\/general\/16e-cros-escolar-dels-hostalets-de-pierola\/","title":{"rendered":"16\u00e8 Cros escolar dels Hostalets de Pierola"},"content":{"rendered":"<p>Ahir m\u00e9s d&#8217;un centenar d\u2019atletes van participar en el 16\u00e8 Cros escolar dels Hostalets de Pierola i\/o en la 21a Cursa popular a voltant de l\u2019Institut Escola Renaixen\u00e7a. La majoria dels\/de les participants van ser de l&#8217;IE Renaixen\u00e7a, cal destacar que \u00e9s l&#8217;edici\u00f3 que m\u00e9s participants locals ha tingut, ja que enguany han sigut 80 esportistes de l&#8217;IE Renaixen\u00e7a els i les que s&#8217;han animat a c\u00f3rrer. L&#8217;esdeveniment s&#8217;ha desenvolupat en un ambient festiu, alegre, amb bon temps i sense incidents.<\/p>\n<p>Aquesta cursa va formar part del calendari de curses escolars de la comarca de l\u2019Anoia, de manera que podeu consultar les classificacions, la nota de premsa i les fotografies de cada categoria a la <a href=\"https:\/\/www.ceanoia.cat\/noticia\/resultats-i-classificacions-cros-i-cursa-hostalets-de-pierola\/2876\">p\u00e0gina web del Consell Esportiu de l\u2019Anoia<\/a>.<\/p>\n<p>Cal destacar la feinada i la col\u00b7laboraci\u00f3 de persones ben diverses, des de l\u2019Ajuntament, la Comissi\u00f3 d\u2019Esports, el Consell Esportiu de l\u2019Anoia, l&#8217;alumnat de 4t d&#8217;ESO i l\u2019equip docent de l\u2019IE Renaixen\u00e7a. Tamb\u00e9 hi va col\u00b7laborar la Diputaci\u00f3 de Barcelona.<\/p>\n<p><img loading=\"lazy\" decoding=\"async\" class=\"alignleft wp-image-21509 size-full\" src=\"https:\/\/agora.xtec.cat\/esc-renaixencahostalets\/wp-content\/uploads\/usu1823\/2025\/03\/correm-1.jpg\" alt=\"\" width=\"922\" height=\"609\" srcset=\"https:\/\/agora.xtec.cat\/esc-renaixencahostalets\/wp-content\/uploads\/usu1823\/2025\/03\/correm-1.jpg 922w, https:\/\/agora.xtec.cat\/esc-renaixencahostalets\/wp-content\/uploads\/usu1823\/2025\/03\/correm-1-300x198.jpg 300w, https:\/\/agora.xtec.cat\/esc-renaixencahostalets\/wp-content\/uploads\/usu1823\/2025\/03\/correm-1-768x507.jpg 768w\" sizes=\"auto, (max-width: 922px) 100vw, 922px\" \/><\/p>\n<p>&nbsp;<\/p>\n","protected":false},"excerpt":{"rendered":"<p>Ahir un centenar d&#8217;atletes van participar en el 16\u00e8 Cros escolar dels Hostalets de Pierola i\/o en la 20a Cursa popular a voltant de l\u2019Institut Escola Renaixen\u00e7a.&hellip;  <a href=\"https:\/\/agora.xtec.cat\/esc-renaixencahostalets\/general\/16e-cros-escolar-dels-hostalets-de-pierola\/\" title=\"Read 16\u00e8 Cros escolar dels Hostalets de Pierola\">Llegeix m\u00e9s\u00bb<\/a><\/p>\n","protected":false},"author":26,"featured_media":21508,"comment_status":"closed","ping_status":"closed","sticky":false,"template":"","format":"standard","meta":{"_bbp_topic_count":0,"_bbp_reply_count":0,"_bbp_total_topic_count":0,"_bbp_total_reply_count":0,"_bbp_voice_count":0,"_bbp_anonymous_reply_count":0,"_bbp_topic_count_hidden":0,"_bbp_reply_count_hidden":0,"_bbp_forum_subforum_count":0,"footnotes":""},"categories":[154,1],"tags":[],"class_list":["post-21507","post","type-post","status-publish","format-standard","has-post-thumbnail","hentry","category-educacio-fisica","category-general"],"post_mailing_queue_ids":[],"_links":{"self":[{"href":"https:\/\/agora.xtec.cat\/esc-renaixencahostalets\/wp-json\/wp\/v2\/posts\/21507","targetHints":{"allow":["GET"]}}],"collection":[{"href":"https:\/\/agora.xtec.cat\/esc-renaixencahostalets\/wp-json\/wp\/v2\/posts"}],"about":[{"href":"https:\/\/agora.xtec.cat\/esc-renaixencahostalets\/wp-json\/wp\/v2\/types\/post"}],"author":[{"embeddable":true,"href":"https:\/\/agora.xtec.cat\/esc-renaixencahostalets\/wp-json\/wp\/v2\/users\/26"}],"replies":[{"embeddable":true,"href":"https:\/\/agora.xtec.cat\/esc-renaixencahostalets\/wp-json\/wp\/v2\/comments?post=21507"}],"version-history":[{"count":1,"href":"https:\/\/agora.xtec.cat\/esc-renaixencahostalets\/wp-json\/wp\/v2\/posts\/21507\/revisions"}],"predecessor-version":[{"id":21510,"href":"https:\/\/agora.xtec.cat\/esc-renaixencahostalets\/wp-json\/wp\/v2\/posts\/21507\/revisions\/21510"}],"wp:featuredmedia":[{"embeddable":true,"href":"https:\/\/agora.xtec.cat\/esc-renaixencahostalets\/wp-json\/wp\/v2\/media\/21508"}],"wp:attachment":[{"href":"https:\/\/agora.xtec.cat\/esc-renaixencahostalets\/wp-json\/wp\/v2\/media?parent=21507"}],"wp:term":[{"taxonomy":"category","embeddable":true,"href":"https:\/\/agora.xtec.cat\/esc-renaixencahostalets\/wp-json\/wp\/v2\/categories?post=21507"},{"taxonomy":"post_tag","embeddable":true,"href":"https:\/\/agora.xtec.cat\/esc-renaixencahostalets\/wp-json\/wp\/v2\/tags?post=21507"}],"curies":[{"name":"wp","href":"https:\/\/api.w.org\/{rel}","templated":true}]}}