{"id":21495,"date":"2025-03-12T20:12:33","date_gmt":"2025-03-12T19:12:33","guid":{"rendered":"https:\/\/agora.xtec.cat\/esc-renaixencahostalets\/?p=21495"},"modified":"2025-03-12T20:12:33","modified_gmt":"2025-03-12T19:12:33","slug":"videoclip-8m","status":"publish","type":"post","link":"https:\/\/agora.xtec.cat\/esc-renaixencahostalets\/general\/videoclip-8m\/","title":{"rendered":"Videoclip 8M"},"content":{"rendered":"<div style=\"width: 1024px;\" class=\"wp-video\"><!--[if lt IE 9]><script>document.createElement('video');<\/script><![endif]-->\n<video class=\"wp-video-shortcode\" id=\"video-21495-1\" width=\"1024\" height=\"576\" preload=\"metadata\" controls=\"controls\"><source type=\"video\/mp4\" src=\"https:\/\/agora.xtec.cat\/esc-renaixencahostalets\/wp-content\/uploads\/usu1823\/2025\/03\/8M-1.mp4?_=1\" \/><a href=\"https:\/\/agora.xtec.cat\/esc-renaixencahostalets\/wp-content\/uploads\/usu1823\/2025\/03\/8M-1.mp4\">https:\/\/agora.xtec.cat\/esc-renaixencahostalets\/wp-content\/uploads\/usu1823\/2025\/03\/8M-1.mp4<\/a><\/video><\/div>\n<p data-start=\"77\" data-end=\"378\">Cinc alumnes de la mat\u00e8ria optativa <strong data-start=\"113\" data-end=\"131\">Taller Musical<\/strong> han creat un <strong data-start=\"157\" data-end=\"237\">videoclip especial per recordar el 8 de mar\u00e7, Dia Internacional de les Dones<\/strong>. Aquest projecte neix amb la voluntat de posar en valor la lluita per la igualtat de g\u00e8nere a trav\u00e9s de la m\u00fasica i l\u2019expressi\u00f3 art\u00edstica.<\/p>\n<p data-start=\"380\" data-end=\"783\">Des de l\u2019inici del segon trimestre, l\u2019alumnat ha estat treballant en la composici\u00f3, la producci\u00f3 i l&#8217;edici\u00f3 del videoclip, amb una can\u00e7\u00f3 que transmet un missatge de for\u00e7a, empoderament i unitat. A m\u00e9s, han comptat amb la col\u00b7laboraci\u00f3 de companys i companyes d\u2019altres cursos, aix\u00ed com de professorat i membres de l\u2019equip directiu, que han donat suport a la posada en escena i la gravaci\u00f3.<\/p>\n<p data-start=\"380\" data-end=\"783\">Esperem que us agrade i que el gaudiu tant com nosaltres hem gaudit fent-lo! \ud83d\udc9c\ud83d\udcaa<\/p>\n","protected":false},"excerpt":{"rendered":"<p><a href=\"https:\/\/agora.xtec.cat\/esc-renaixencahostalets\/wp-content\/uploads\/usu1823\/2025\/03\/8M-1.mp4\">https:\/\/agora.xtec.cat\/esc-renaixencahostalets\/wp-content\/uploads\/usu1823\/2025\/03\/8M-1.mp4<\/a><br \/>\nCinc alumnes de la mat\u00e8ria optativa Taller Musical han creat un videoclip especial per recordar el 8 de mar\u00e7, Dia Internacional de les Dones. Aquest projecte neix amb la voluntat de posar en valor la lluita per la igualtat de g\u00e8nere a trav\u00e9s de&hellip;  <a href=\"https:\/\/agora.xtec.cat\/esc-renaixencahostalets\/general\/videoclip-8m\/\" title=\"Read Videoclip 8M\">Llegeix m\u00e9s\u00bb<\/a><\/p>\n","protected":false},"author":105,"featured_media":0,"comment_status":"closed","ping_status":"closed","sticky":false,"template":"","format":"standard","meta":{"_bbp_topic_count":0,"_bbp_reply_count":0,"_bbp_total_topic_count":0,"_bbp_total_reply_count":0,"_bbp_voice_count":0,"_bbp_anonymous_reply_count":0,"_bbp_topic_count_hidden":0,"_bbp_reply_count_hidden":0,"_bbp_forum_subforum_count":0,"footnotes":""},"categories":[131,153,162,1],"tags":[],"class_list":["post-21495","post","type-post","status-publish","format-standard","hentry","category-1r-eso","category-2n-eso","category-3r-eso","category-general"],"post_mailing_queue_ids":[],"_links":{"self":[{"href":"https:\/\/agora.xtec.cat\/esc-renaixencahostalets\/wp-json\/wp\/v2\/posts\/21495","targetHints":{"allow":["GET"]}}],"collection":[{"href":"https:\/\/agora.xtec.cat\/esc-renaixencahostalets\/wp-json\/wp\/v2\/posts"}],"about":[{"href":"https:\/\/agora.xtec.cat\/esc-renaixencahostalets\/wp-json\/wp\/v2\/types\/post"}],"author":[{"embeddable":true,"href":"https:\/\/agora.xtec.cat\/esc-renaixencahostalets\/wp-json\/wp\/v2\/users\/105"}],"replies":[{"embeddable":true,"href":"https:\/\/agora.xtec.cat\/esc-renaixencahostalets\/wp-json\/wp\/v2\/comments?post=21495"}],"version-history":[{"count":3,"href":"https:\/\/agora.xtec.cat\/esc-renaixencahostalets\/wp-json\/wp\/v2\/posts\/21495\/revisions"}],"predecessor-version":[{"id":21500,"href":"https:\/\/agora.xtec.cat\/esc-renaixencahostalets\/wp-json\/wp\/v2\/posts\/21495\/revisions\/21500"}],"wp:attachment":[{"href":"https:\/\/agora.xtec.cat\/esc-renaixencahostalets\/wp-json\/wp\/v2\/media?parent=21495"}],"wp:term":[{"taxonomy":"category","embeddable":true,"href":"https:\/\/agora.xtec.cat\/esc-renaixencahostalets\/wp-json\/wp\/v2\/categories?post=21495"},{"taxonomy":"post_tag","embeddable":true,"href":"https:\/\/agora.xtec.cat\/esc-renaixencahostalets\/wp-json\/wp\/v2\/tags?post=21495"}],"curies":[{"name":"wp","href":"https:\/\/api.w.org\/{rel}","templated":true}]}}