{"id":21453,"date":"2025-02-26T14:55:46","date_gmt":"2025-02-26T13:55:46","guid":{"rendered":"https:\/\/agora.xtec.cat\/esc-renaixencahostalets\/?p=21453"},"modified":"2025-02-26T19:14:27","modified_gmt":"2025-02-26T18:14:27","slug":"en-marxa-el-projecte-etwinning","status":"publish","type":"post","link":"https:\/\/agora.xtec.cat\/esc-renaixencahostalets\/general\/en-marxa-el-projecte-etwinning\/","title":{"rendered":"En marxa el projecte eTwinning"},"content":{"rendered":"<div id=\":r1\" class=\"Am aiL Al editable LW-avf tS-tW tS-tY\" tabindex=\"1\" role=\"textbox\" aria-label=\"Cos del missatge\" aria-controls=\":116\" aria-expanded=\"false\">\n<p><a href=\"https:\/\/agora.xtec.cat\/esc-renaixencahostalets\/wp-content\/uploads\/usu1823\/2025\/02\/baixa-1-1.jpg\"><img loading=\"lazy\" decoding=\"async\" class=\"alignnone wp-image-21465\" src=\"https:\/\/agora.xtec.cat\/esc-renaixencahostalets\/wp-content\/uploads\/usu1823\/2025\/02\/baixa-1-1.jpg\" alt=\"\" width=\"253\" height=\"250\" \/><\/a><\/p>\n<p>L\u2019IE Renaixen\u00e7a participa un any m\u00e9s amb el projecte<em> eTwinning<\/em>, una iniciativa internacional en qu\u00e8 participen els alumnes de 3r de prim\u00e0ria de l\u2019escola, que han estat\u00a0 treballant des de finals de l\u2019any passat fent postals de Nadal, presentacions sobre ells mateixos i recopilant tot all\u00f2 que han estat fent a l\u2019assignatura d\u2019angl\u00e8s, com vocabulari sobre el menjar o la fam\u00edlia. Cada alumne ha preparat un petit llibret, <em>Booklet,<\/em> que t\u00e9 com a objectiu compartir informaci\u00f3 i aprenentatges amb les escoles s\u00f2cies. Els estudiants estan recopilant continguts per mostrar el seu treball, les seves activitats i els seus aven\u00e7os, amb la intenci\u00f3 de fomentar la col\u00b7laboraci\u00f3 i el coneixement mutu entre les escoles. Una vegada acabat s\u2019enviar\u00e0 a les escoles col\u00b7laboradores perqu\u00e8 coneguin m\u00e9s a fons la seva feina i es puguin generar noves sinergies entre els diferents centres educatius.<\/p>\n<p>Els centres <em>partners<\/em> d&#8217;aquest any estan situats a Rep\u00fablica Txeca, Pol\u00f2nia, Alemanya, Fran\u00e7a i Madrid.<\/p>\n<p>Aquest projecte serveix no nom\u00e9s per compartir aprenentatges, sin\u00f3 tamb\u00e9 per impulsar l\u2019intercanvi cultural i educatiu entre els nens i nenes, creant una xarxa d\u2019escoles que treballen conjuntament per al desenvolupament personal i acad\u00e8mic dels alumnes.<\/p>\n<p>Us deixem una mostra del que han estat fent els alumnes de 3r durant aquests mesos, esperem que us agradi!<\/p>\n<p><a href=\"https:\/\/agora.xtec.cat\/esc-renaixencahostalets\/wp-content\/uploads\/usu1823\/2025\/02\/Captura-de-pantalla-2025-02-26-135054-3.png\"><img loading=\"lazy\" decoding=\"async\" class=\"alignnone size-full wp-image-21459\" src=\"https:\/\/agora.xtec.cat\/esc-renaixencahostalets\/wp-content\/uploads\/usu1823\/2025\/02\/Captura-de-pantalla-2025-02-26-135054-3.png\" alt=\"\" width=\"904\" height=\"523\" srcset=\"https:\/\/agora.xtec.cat\/esc-renaixencahostalets\/wp-content\/uploads\/usu1823\/2025\/02\/Captura-de-pantalla-2025-02-26-135054-3.png 904w, https:\/\/agora.xtec.cat\/esc-renaixencahostalets\/wp-content\/uploads\/usu1823\/2025\/02\/Captura-de-pantalla-2025-02-26-135054-3-300x174.png 300w, https:\/\/agora.xtec.cat\/esc-renaixencahostalets\/wp-content\/uploads\/usu1823\/2025\/02\/Captura-de-pantalla-2025-02-26-135054-3-768x444.png 768w\" sizes=\"auto, (max-width: 904px) 100vw, 904px\" \/><\/a><\/p>\n<p><a href=\"https:\/\/agora.xtec.cat\/esc-renaixencahostalets\/wp-content\/uploads\/usu1823\/2025\/02\/Captura-de-pantalla-2025-02-26-135225-1.png\"><img loading=\"lazy\" decoding=\"async\" class=\"alignnone size-full wp-image-21456\" src=\"https:\/\/agora.xtec.cat\/esc-renaixencahostalets\/wp-content\/uploads\/usu1823\/2025\/02\/Captura-de-pantalla-2025-02-26-135225-1.png\" alt=\"\" width=\"894\" height=\"513\" srcset=\"https:\/\/agora.xtec.cat\/esc-renaixencahostalets\/wp-content\/uploads\/usu1823\/2025\/02\/Captura-de-pantalla-2025-02-26-135225-1.png 894w, https:\/\/agora.xtec.cat\/esc-renaixencahostalets\/wp-content\/uploads\/usu1823\/2025\/02\/Captura-de-pantalla-2025-02-26-135225-1-300x172.png 300w, https:\/\/agora.xtec.cat\/esc-renaixencahostalets\/wp-content\/uploads\/usu1823\/2025\/02\/Captura-de-pantalla-2025-02-26-135225-1-768x441.png 768w\" sizes=\"auto, (max-width: 894px) 100vw, 894px\" \/><\/a><\/p>\n<p><a href=\"https:\/\/agora.xtec.cat\/esc-renaixencahostalets\/wp-content\/uploads\/usu1823\/2025\/02\/Captura-de-pantalla-2025-02-26-135540.png\"><img loading=\"lazy\" decoding=\"async\" class=\"alignnone size-full wp-image-21444\" src=\"https:\/\/agora.xtec.cat\/esc-renaixencahostalets\/wp-content\/uploads\/usu1823\/2025\/02\/Captura-de-pantalla-2025-02-26-135540.png\" alt=\"\" width=\"889\" height=\"508\" srcset=\"https:\/\/agora.xtec.cat\/esc-renaixencahostalets\/wp-content\/uploads\/usu1823\/2025\/02\/Captura-de-pantalla-2025-02-26-135540.png 889w, https:\/\/agora.xtec.cat\/esc-renaixencahostalets\/wp-content\/uploads\/usu1823\/2025\/02\/Captura-de-pantalla-2025-02-26-135540-300x171.png 300w, https:\/\/agora.xtec.cat\/esc-renaixencahostalets\/wp-content\/uploads\/usu1823\/2025\/02\/Captura-de-pantalla-2025-02-26-135540-768x439.png 768w\" sizes=\"auto, (max-width: 889px) 100vw, 889px\" \/><\/a><\/p>\n<p><a href=\"https:\/\/agora.xtec.cat\/esc-renaixencahostalets\/wp-content\/uploads\/usu1823\/2025\/02\/Captura-de-pantalla-2025-02-26-135351.png\"><img loading=\"lazy\" decoding=\"async\" class=\"alignnone size-full wp-image-21443\" src=\"https:\/\/agora.xtec.cat\/esc-renaixencahostalets\/wp-content\/uploads\/usu1823\/2025\/02\/Captura-de-pantalla-2025-02-26-135351.png\" alt=\"\" width=\"907\" height=\"522\" srcset=\"https:\/\/agora.xtec.cat\/esc-renaixencahostalets\/wp-content\/uploads\/usu1823\/2025\/02\/Captura-de-pantalla-2025-02-26-135351.png 907w, https:\/\/agora.xtec.cat\/esc-renaixencahostalets\/wp-content\/uploads\/usu1823\/2025\/02\/Captura-de-pantalla-2025-02-26-135351-300x173.png 300w, https:\/\/agora.xtec.cat\/esc-renaixencahostalets\/wp-content\/uploads\/usu1823\/2025\/02\/Captura-de-pantalla-2025-02-26-135351-768x442.png 768w\" sizes=\"auto, (max-width: 907px) 100vw, 907px\" \/><\/a><a href=\"https:\/\/agora.xtec.cat\/esc-renaixencahostalets\/wp-content\/uploads\/usu1823\/2025\/02\/Captura-de-pantalla-2025-02-26-135620.png\"><img loading=\"lazy\" decoding=\"async\" class=\"alignnone size-full wp-image-21445\" src=\"https:\/\/agora.xtec.cat\/esc-renaixencahostalets\/wp-content\/uploads\/usu1823\/2025\/02\/Captura-de-pantalla-2025-02-26-135620.png\" alt=\"\" width=\"901\" height=\"514\" srcset=\"https:\/\/agora.xtec.cat\/esc-renaixencahostalets\/wp-content\/uploads\/usu1823\/2025\/02\/Captura-de-pantalla-2025-02-26-135620.png 901w, https:\/\/agora.xtec.cat\/esc-renaixencahostalets\/wp-content\/uploads\/usu1823\/2025\/02\/Captura-de-pantalla-2025-02-26-135620-300x171.png 300w, https:\/\/agora.xtec.cat\/esc-renaixencahostalets\/wp-content\/uploads\/usu1823\/2025\/02\/Captura-de-pantalla-2025-02-26-135620-768x438.png 768w\" sizes=\"auto, (max-width: 901px) 100vw, 901px\" \/><\/a><\/p>\n<\/div>\n","protected":false},"excerpt":{"rendered":"<p><a href=\"https:\/\/agora.xtec.cat\/esc-renaixencahostalets\/wp-content\/uploads\/usu1823\/2025\/02\/baixa-1-1.jpg\"><\/a><br \/>\nL\u2019IE Renaixen\u00e7a participa un any m\u00e9s amb el projecte eTwinning, una iniciativa internacional en qu\u00e8 participen els alumnes de 3r de prim\u00e0ria de l\u2019escola, que han estat\u00a0 treballant des de finals de l\u2019any passat fent postals de Nadal, presentacions sobre ells mateixos i recopilant&hellip;  <a href=\"https:\/\/agora.xtec.cat\/esc-renaixencahostalets\/general\/en-marxa-el-projecte-etwinning\/\" title=\"Read En marxa el projecte eTwinning\">Llegeix m\u00e9s\u00bb<\/a><\/p>\n","protected":false},"author":109,"featured_media":21469,"comment_status":"open","ping_status":"closed","sticky":false,"template":"","format":"standard","meta":{"_bbp_topic_count":0,"_bbp_reply_count":0,"_bbp_total_topic_count":0,"_bbp_total_reply_count":0,"_bbp_voice_count":0,"_bbp_anonymous_reply_count":0,"_bbp_topic_count_hidden":0,"_bbp_reply_count_hidden":0,"_bbp_forum_subforum_count":0,"footnotes":""},"categories":[158,1],"tags":[],"class_list":["post-21453","post","type-post","status-publish","format-standard","has-post-thumbnail","hentry","category-english","category-general"],"post_mailing_queue_ids":[],"_links":{"self":[{"href":"https:\/\/agora.xtec.cat\/esc-renaixencahostalets\/wp-json\/wp\/v2\/posts\/21453","targetHints":{"allow":["GET"]}}],"collection":[{"href":"https:\/\/agora.xtec.cat\/esc-renaixencahostalets\/wp-json\/wp\/v2\/posts"}],"about":[{"href":"https:\/\/agora.xtec.cat\/esc-renaixencahostalets\/wp-json\/wp\/v2\/types\/post"}],"author":[{"embeddable":true,"href":"https:\/\/agora.xtec.cat\/esc-renaixencahostalets\/wp-json\/wp\/v2\/users\/109"}],"replies":[{"embeddable":true,"href":"https:\/\/agora.xtec.cat\/esc-renaixencahostalets\/wp-json\/wp\/v2\/comments?post=21453"}],"version-history":[{"count":6,"href":"https:\/\/agora.xtec.cat\/esc-renaixencahostalets\/wp-json\/wp\/v2\/posts\/21453\/revisions"}],"predecessor-version":[{"id":21468,"href":"https:\/\/agora.xtec.cat\/esc-renaixencahostalets\/wp-json\/wp\/v2\/posts\/21453\/revisions\/21468"}],"wp:featuredmedia":[{"embeddable":true,"href":"https:\/\/agora.xtec.cat\/esc-renaixencahostalets\/wp-json\/wp\/v2\/media\/21469"}],"wp:attachment":[{"href":"https:\/\/agora.xtec.cat\/esc-renaixencahostalets\/wp-json\/wp\/v2\/media?parent=21453"}],"wp:term":[{"taxonomy":"category","embeddable":true,"href":"https:\/\/agora.xtec.cat\/esc-renaixencahostalets\/wp-json\/wp\/v2\/categories?post=21453"},{"taxonomy":"post_tag","embeddable":true,"href":"https:\/\/agora.xtec.cat\/esc-renaixencahostalets\/wp-json\/wp\/v2\/tags?post=21453"}],"curies":[{"name":"wp","href":"https:\/\/api.w.org\/{rel}","templated":true}]}}