{"id":21424,"date":"2025-02-23T14:04:01","date_gmt":"2025-02-23T13:04:01","guid":{"rendered":"https:\/\/agora.xtec.cat\/esc-renaixencahostalets\/?p=21424"},"modified":"2025-06-23T17:39:33","modified_gmt":"2025-06-23T15:39:33","slug":"preinscripcio-2025-26","status":"publish","type":"post","link":"https:\/\/agora.xtec.cat\/esc-renaixencahostalets\/general\/preinscripcio-2025-26\/","title":{"rendered":"Preinscripci\u00f3 2025\/26"},"content":{"rendered":"<p><img loading=\"lazy\" decoding=\"async\" class=\"alignnone wp-image-21425\" src=\"https:\/\/agora.xtec.cat\/esc-renaixencahostalets\/wp-content\/uploads\/usu1823\/2025\/02\/banner-preins-25.jpg\" alt=\"\" width=\"814\" height=\"159\" srcset=\"https:\/\/agora.xtec.cat\/esc-renaixencahostalets\/wp-content\/uploads\/usu1823\/2025\/02\/banner-preins-25.jpg 1900w, https:\/\/agora.xtec.cat\/esc-renaixencahostalets\/wp-content\/uploads\/usu1823\/2025\/02\/banner-preins-25-300x59.jpg 300w, https:\/\/agora.xtec.cat\/esc-renaixencahostalets\/wp-content\/uploads\/usu1823\/2025\/02\/banner-preins-25-1024x200.jpg 1024w, https:\/\/agora.xtec.cat\/esc-renaixencahostalets\/wp-content\/uploads\/usu1823\/2025\/02\/banner-preins-25-768x150.jpg 768w, https:\/\/agora.xtec.cat\/esc-renaixencahostalets\/wp-content\/uploads\/usu1823\/2025\/02\/banner-preins-25-1536x301.jpg 1536w\" sizes=\"auto, (max-width: 814px) 100vw, 814px\" \/><\/p>\n<p>Benvolgudes fam\u00edlies<\/p>\n<p>Del<strong> 12 a 26 de mar\u00e7<\/strong> de 2025 s&#8217;inicia el proc\u00e9s de preinscripci\u00f3 pel nou\u00a0 l&#8217;alumnat<strong> d&#8217;I3<\/strong> <strong>i pels que vulguin canviar de<\/strong><\/p>\n<p><strong>centre educatiu d&#8217;infantil i prim\u00e0ria.<\/strong><\/p>\n<p>Del <strong>14 a 26 de mar\u00e7<\/strong> de 2025 s&#8217;inicia el proc\u00e9s de preinscripci\u00f3 <strong>pels que vulguin canviar de centre educatiu d&#8217;Educaci\u00f3\u00a0<\/strong><\/p>\n<p><strong>Secund\u00e0ria (en el nostre cas).<\/strong><\/p>\n<p><b>Seguiment sol.licitud<\/b><span style=\"font-weight: 400;\">:des del 24 d\u2019abril de 2025<\/span><\/p>\n<p><b>Assabenta\u2019t de la pla\u00e7a obtinguda<\/b><span style=\"font-weight: 400;\">: 16 de juny de 2025<\/span><\/p>\n<p><b>Matr\u00edcula<\/b><span style=\"font-weight: 400;\">: del 25 de juny al 3 de juliol.<\/span><\/p>\n<p>&nbsp;<\/p>\n<p>L&#8217;alumnat del centre podr\u00e0 <strong>confirmar la pla\u00e7a<\/strong> a trav\u00e9s del document que farem arribar directament a les fam\u00edlies.<\/p>\n<p><img loading=\"lazy\" decoding=\"async\" class=\"alignnone size-full wp-image-21426\" src=\"https:\/\/agora.xtec.cat\/esc-renaixencahostalets\/wp-content\/uploads\/usu1823\/2025\/02\/boto-infantil.png\" alt=\"\" width=\"271\" height=\"271\" srcset=\"https:\/\/agora.xtec.cat\/esc-renaixencahostalets\/wp-content\/uploads\/usu1823\/2025\/02\/boto-infantil.png 271w, https:\/\/agora.xtec.cat\/esc-renaixencahostalets\/wp-content\/uploads\/usu1823\/2025\/02\/boto-infantil-150x150.png 150w\" sizes=\"auto, (max-width: 271px) 100vw, 271px\" \/><img loading=\"lazy\" decoding=\"async\" class=\"alignnone size-full wp-image-21427\" src=\"https:\/\/agora.xtec.cat\/esc-renaixencahostalets\/wp-content\/uploads\/usu1823\/2025\/02\/boto-primaria.png\" alt=\"\" width=\"271\" height=\"271\" srcset=\"https:\/\/agora.xtec.cat\/esc-renaixencahostalets\/wp-content\/uploads\/usu1823\/2025\/02\/boto-primaria.png 271w, https:\/\/agora.xtec.cat\/esc-renaixencahostalets\/wp-content\/uploads\/usu1823\/2025\/02\/boto-primaria-150x150.png 150w\" sizes=\"auto, (max-width: 271px) 100vw, 271px\" \/><img loading=\"lazy\" decoding=\"async\" class=\"alignnone size-full wp-image-21428\" src=\"https:\/\/agora.xtec.cat\/esc-renaixencahostalets\/wp-content\/uploads\/usu1823\/2025\/02\/boto-secundaria.png\" alt=\"\" width=\"271\" height=\"271\" srcset=\"https:\/\/agora.xtec.cat\/esc-renaixencahostalets\/wp-content\/uploads\/usu1823\/2025\/02\/boto-secundaria.png 271w, https:\/\/agora.xtec.cat\/esc-renaixencahostalets\/wp-content\/uploads\/usu1823\/2025\/02\/boto-secundaria-150x150.png 150w\" sizes=\"auto, (max-width: 271px) 100vw, 271px\" \/><\/p>\n<p style=\"text-align: left;\">\u00a0 \u00a0 \u00a0 \u00a0 \u00a0<a href=\"https:\/\/preinscripcio.gencat.cat\/ca\/estudis\/infantil-3-6\/inici\/\"> \u00a0EDUCACI\u00d3 INFANTIL\u00a0<\/a> \u00a0 \u00a0 \u00a0 \u00a0 \u00a0 \u00a0 \u00a0 \u00a0 \u00a0 \u00a0 \u00a0 \u00a0 \u00a0 <a href=\"https:\/\/preinscripcio.gencat.cat\/ca\/estudis\/primaria\/inici\/\">\u00a0EDUCACI\u00d3 PRIM\u00c0RIA\u00a0<\/a> \u00a0 \u00a0 \u00a0 \u00a0 \u00a0 \u00a0 \u00a0 \u00a0 \u00a0EDUCACI\u00d3 SECUND\u00c0RIA<\/p>\n<p>&nbsp;<\/p>\n<p><a href=\"https:\/\/agora.xtec.cat\/esc-renaixencahostalets\/wp-content\/uploads\/usu1823\/2025\/02\/INFORME_OFERTA_OME_INFORME_OFERTA.pdf\" target=\"_blank\" rel=\"noopener\">Oferta vacants inicials<\/a><\/p>\n<p><a href=\"https:\/\/agora.xtec.cat\/esc-renaixencahostalets\/wp-content\/uploads\/usu1823\/2025\/02\/INFORME_BAREM_PROVISIONAL_BAREM-4.pdf\" target=\"_blank\" rel=\"noopener\">Llistats barem provisional<\/a><\/p>\n<p><a href=\"https:\/\/agora.xtec.cat\/esc-renaixencahostalets\/wp-content\/uploads\/usu1823\/2025\/02\/INFORME_BAREM_RESOLTES_BAREM.pdf\" target=\"_blank\" rel=\"noopener\">Llistat barem definitiu un cop resoltes les reclamacions<\/a><\/p>\n<p><a href=\"https:\/\/agora.xtec.cat\/esc-renaixencahostalets\/wp-content\/uploads\/usu1823\/2025\/02\/Llistat-puntuacio-ordenada.pdf\" target=\"_blank\" rel=\"noopener\">Llistat puntuaci\u00f3 ordenada<\/a><\/p>\n<p><a href=\"https:\/\/agora.xtec.cat\/esc-renaixencahostalets\/wp-content\/uploads\/usu1823\/2025\/02\/INFORME_ASSIGNADES_INFORME_ASSIGNADES-1.pdf\" target=\"_blank\" rel=\"noopener\">Alumnes assignats en primera petici\u00f3 NOU!!<\/a><\/p>\n<p><a href=\"https:\/\/agora.xtec.cat\/esc-renaixencahostalets\/wp-content\/uploads\/usu1823\/2025\/02\/INFORME_LLISTA_ESPERA_OME_LLISTA_ESPERA.pdf\" target=\"_blank\" rel=\"noopener\">Llista d&#8217;espera NOU!!!!<\/a><\/p>\n<p><strong>Les reclamacions s\u2019han de presentar electr\u00f2nicament en l\u2019enlla\u00e7 que les fam\u00edlies trobaran a disposici\u00f3 en la consulta individual de resultats (OVT) o a\u00a0<a title=\"web preinscripci\u00f3.gencat.cat\" href=\"https:\/\/preinscripcio.gencat.cat\/ca\/inici\" target=\"_blank\" rel=\"noopener\">preinscripci\u00f3.gencat.cat\u200b<\/a>. Els dies per presentar-les son 17-18 i 19 de juny de 2025.<\/strong><\/p>\n<p>&nbsp;<\/p>\n<p>&nbsp;<\/p>\n","protected":false},"excerpt":{"rendered":"<p>Benvolgudes fam\u00edlies<br \/>\nDel 12 a 26 de mar\u00e7 de 2025 s&#8217;inicia el proc\u00e9s de preinscripci\u00f3 pel nou\u00a0 l&#8217;alumnat d&#8217;I3 i pels que vulguin canviar de<br \/>\ncentre educatiu d&#8217;infantil i prim\u00e0ria.<br \/>\nDel 14 a 26 de mar\u00e7 de 2025 s&#8217;inicia el proc\u00e9s de preinscripci\u00f3 pels que vulguin canviar de&hellip;  <a href=\"https:\/\/agora.xtec.cat\/esc-renaixencahostalets\/general\/preinscripcio-2025-26\/\" title=\"Read Preinscripci\u00f3 2025\/26\">Llegeix m\u00e9s\u00bb<\/a><\/p>\n","protected":false},"author":5,"featured_media":21425,"comment_status":"open","ping_status":"closed","sticky":false,"template":"","format":"standard","meta":{"_bbp_topic_count":0,"_bbp_reply_count":0,"_bbp_total_topic_count":0,"_bbp_total_reply_count":0,"_bbp_voice_count":0,"_bbp_anonymous_reply_count":0,"_bbp_topic_count_hidden":0,"_bbp_reply_count_hidden":0,"_bbp_forum_subforum_count":0,"footnotes":""},"categories":[1],"tags":[],"class_list":["post-21424","post","type-post","status-publish","format-standard","has-post-thumbnail","hentry","category-general"],"post_mailing_queue_ids":[],"_links":{"self":[{"href":"https:\/\/agora.xtec.cat\/esc-renaixencahostalets\/wp-json\/wp\/v2\/posts\/21424","targetHints":{"allow":["GET"]}}],"collection":[{"href":"https:\/\/agora.xtec.cat\/esc-renaixencahostalets\/wp-json\/wp\/v2\/posts"}],"about":[{"href":"https:\/\/agora.xtec.cat\/esc-renaixencahostalets\/wp-json\/wp\/v2\/types\/post"}],"author":[{"embeddable":true,"href":"https:\/\/agora.xtec.cat\/esc-renaixencahostalets\/wp-json\/wp\/v2\/users\/5"}],"replies":[{"embeddable":true,"href":"https:\/\/agora.xtec.cat\/esc-renaixencahostalets\/wp-json\/wp\/v2\/comments?post=21424"}],"version-history":[{"count":6,"href":"https:\/\/agora.xtec.cat\/esc-renaixencahostalets\/wp-json\/wp\/v2\/posts\/21424\/revisions"}],"predecessor-version":[{"id":21792,"href":"https:\/\/agora.xtec.cat\/esc-renaixencahostalets\/wp-json\/wp\/v2\/posts\/21424\/revisions\/21792"}],"wp:featuredmedia":[{"embeddable":true,"href":"https:\/\/agora.xtec.cat\/esc-renaixencahostalets\/wp-json\/wp\/v2\/media\/21425"}],"wp:attachment":[{"href":"https:\/\/agora.xtec.cat\/esc-renaixencahostalets\/wp-json\/wp\/v2\/media?parent=21424"}],"wp:term":[{"taxonomy":"category","embeddable":true,"href":"https:\/\/agora.xtec.cat\/esc-renaixencahostalets\/wp-json\/wp\/v2\/categories?post=21424"},{"taxonomy":"post_tag","embeddable":true,"href":"https:\/\/agora.xtec.cat\/esc-renaixencahostalets\/wp-json\/wp\/v2\/tags?post=21424"}],"curies":[{"name":"wp","href":"https:\/\/api.w.org\/{rel}","templated":true}]}}