{"id":21402,"date":"2025-02-13T14:07:21","date_gmt":"2025-02-13T13:07:21","guid":{"rendered":"https:\/\/agora.xtec.cat\/esc-renaixencahostalets\/?p=21402"},"modified":"2025-02-13T18:10:48","modified_gmt":"2025-02-13T17:10:48","slug":"camp-daprenentatge-p5-a-esterri-daneu","status":"publish","type":"post","link":"https:\/\/agora.xtec.cat\/esc-renaixencahostalets\/general\/camp-daprenentatge-p5-a-esterri-daneu\/","title":{"rendered":"Camp d&#8217;aprenentatge de P5 a Esterri d&#8217;\u00c0neu"},"content":{"rendered":"<p data-pm-slice=\"1 1 []\">Aquesta setmana, l&#8217;alumnat de 5\u00e8 de prim\u00e0ria ha viscut una experi\u00e8ncia inoblidable durant els tres dies de camp d\u2019aprenentatge a Esterri d&#8217;\u00c0neu. Aquesta sortida ha estat una oportunitat fant\u00e0stica per aprendre de manera vivencial, connectant amb la natura i aprofundint en diferents aspectes del medi ambient.<\/p>\n<p><strong>Dia 1: Orientaci\u00f3 i descoberta d\u2019Esterri d\u2019\u00c0neu.<\/strong> El primer dia va comen\u00e7ar amb una activitat d\u2019orientaci\u00f3 que va posar a prova les habilitats de l\u2019alumnat amb br\u00faixoles i mapes. Despr\u00e9s, van explorar el poble d\u2019Esterri d\u2019\u00c0neu, descobrint la seva hist\u00f2ria i encant.<\/p>\n<p><strong>Dia 2: Sortida amb raquetes de neu al Parc Nacional d\u2019Aig\u00fcestortes.<\/strong> El segon dia va ser molt especial: l\u2019alumnat va tenir l\u2019oportunitat de visitar el Parc Nacional d\u2019Aig\u00fcestortes. La neu cobria tot el paisatge, i van fer una sortida amb raquetes de neu, una experi\u00e8ncia que moltes nenes i nens vivien per primera vegada. Durant la sortida, van investigar la fauna i la flora del parc a trav\u00e9s de l\u2019observaci\u00f3 de petjades, restes d\u2019aliments deixades pels animals i fins i tot les seves femtes.<\/p>\n<p><strong>Dia 3: An\u00e0lisi de l\u2019aigua del riu Son.<\/strong> El tercer i \u00faltim dia,\u00a0 van fer una activitat d\u2019investigaci\u00f3 centrada en l\u2019an\u00e0lisi de l\u2019aigua del riu Son, que passa per Esterri d&#8217;\u00c0neu. Amb materials cient\u00edfics, van aprendre a mesurar diferents par\u00e0metres de l\u2019aigua i a valorar-ne la qualitat. Aquesta activitat els va permetre entendre la import\u00e0ncia de tenir cura dels nostres rius i ecosistemes aqu\u00e0tics.<\/p>\n<p>Aquests tres dies han estat una experi\u00e8ncia plena d\u2019aventures i aprenentatges. L\u2019alumnat no nom\u00e9s ha gaudit d\u2019un entorn natural privilegiat, sin\u00f3 que tamb\u00e9 ha adquirit coneixements sobre orientaci\u00f3 i\u00a0 biodiversitat.<\/p>\n<p>Estem segurs que aquesta experi\u00e8ncia quedar\u00e0 gravada a la mem\u00f2ria de totes i tots.<\/p>\n<p>&nbsp;<\/p>\n<p><a href=\"https:\/\/agora.xtec.cat\/esc-renaixencahostalets\/wp-content\/uploads\/usu1823\/2025\/02\/WhatsApp-Image-2025-02-11-at-17.37.19.jpeg\"><img loading=\"lazy\" decoding=\"async\" class=\"alignnone size-large wp-image-21408\" src=\"https:\/\/agora.xtec.cat\/esc-renaixencahostalets\/wp-content\/uploads\/usu1823\/2025\/02\/WhatsApp-Image-2025-02-11-at-17.37.19-768x1024.jpeg\" alt=\"\" width=\"768\" height=\"1024\" srcset=\"https:\/\/agora.xtec.cat\/esc-renaixencahostalets\/wp-content\/uploads\/usu1823\/2025\/02\/WhatsApp-Image-2025-02-11-at-17.37.19-768x1024.jpeg 768w, https:\/\/agora.xtec.cat\/esc-renaixencahostalets\/wp-content\/uploads\/usu1823\/2025\/02\/WhatsApp-Image-2025-02-11-at-17.37.19-225x300.jpeg 225w, https:\/\/agora.xtec.cat\/esc-renaixencahostalets\/wp-content\/uploads\/usu1823\/2025\/02\/WhatsApp-Image-2025-02-11-at-17.37.19-1152x1536.jpeg 1152w, https:\/\/agora.xtec.cat\/esc-renaixencahostalets\/wp-content\/uploads\/usu1823\/2025\/02\/WhatsApp-Image-2025-02-11-at-17.37.19.jpeg 1200w\" sizes=\"auto, (max-width: 768px) 100vw, 768px\" \/><\/a><\/p>\n<p>&nbsp;<\/p>\n<p><a href=\"https:\/\/agora.xtec.cat\/esc-renaixencahostalets\/wp-content\/uploads\/usu1823\/2025\/02\/WhatsApp-Image-2025-02-11-at-17.39.25.jpeg\"><img loading=\"lazy\" decoding=\"async\" class=\"alignnone size-large wp-image-21407\" src=\"https:\/\/agora.xtec.cat\/esc-renaixencahostalets\/wp-content\/uploads\/usu1823\/2025\/02\/WhatsApp-Image-2025-02-11-at-17.39.25-1024x493.jpeg\" alt=\"\" width=\"1024\" height=\"493\" srcset=\"https:\/\/agora.xtec.cat\/esc-renaixencahostalets\/wp-content\/uploads\/usu1823\/2025\/02\/WhatsApp-Image-2025-02-11-at-17.39.25-1024x493.jpeg 1024w, https:\/\/agora.xtec.cat\/esc-renaixencahostalets\/wp-content\/uploads\/usu1823\/2025\/02\/WhatsApp-Image-2025-02-11-at-17.39.25-300x144.jpeg 300w, https:\/\/agora.xtec.cat\/esc-renaixencahostalets\/wp-content\/uploads\/usu1823\/2025\/02\/WhatsApp-Image-2025-02-11-at-17.39.25-768x370.jpeg 768w, https:\/\/agora.xtec.cat\/esc-renaixencahostalets\/wp-content\/uploads\/usu1823\/2025\/02\/WhatsApp-Image-2025-02-11-at-17.39.25-1536x739.jpeg 1536w, https:\/\/agora.xtec.cat\/esc-renaixencahostalets\/wp-content\/uploads\/usu1823\/2025\/02\/WhatsApp-Image-2025-02-11-at-17.39.25.jpeg 1600w\" sizes=\"auto, (max-width: 1024px) 100vw, 1024px\" \/><\/a><\/p>\n<p>&nbsp;<\/p>\n<p><a href=\"https:\/\/agora.xtec.cat\/esc-renaixencahostalets\/wp-content\/uploads\/usu1823\/2025\/02\/WhatsApp-Image-2025-02-11-at-17.39.24.jpeg\"><img loading=\"lazy\" decoding=\"async\" class=\"alignnone size-large wp-image-21406\" src=\"https:\/\/agora.xtec.cat\/esc-renaixencahostalets\/wp-content\/uploads\/usu1823\/2025\/02\/WhatsApp-Image-2025-02-11-at-17.39.24-768x1024.jpeg\" alt=\"\" width=\"768\" height=\"1024\" srcset=\"https:\/\/agora.xtec.cat\/esc-renaixencahostalets\/wp-content\/uploads\/usu1823\/2025\/02\/WhatsApp-Image-2025-02-11-at-17.39.24-768x1024.jpeg 768w, https:\/\/agora.xtec.cat\/esc-renaixencahostalets\/wp-content\/uploads\/usu1823\/2025\/02\/WhatsApp-Image-2025-02-11-at-17.39.24-225x300.jpeg 225w, https:\/\/agora.xtec.cat\/esc-renaixencahostalets\/wp-content\/uploads\/usu1823\/2025\/02\/WhatsApp-Image-2025-02-11-at-17.39.24-1152x1536.jpeg 1152w, https:\/\/agora.xtec.cat\/esc-renaixencahostalets\/wp-content\/uploads\/usu1823\/2025\/02\/WhatsApp-Image-2025-02-11-at-17.39.24.jpeg 1200w\" sizes=\"auto, (max-width: 768px) 100vw, 768px\" \/><\/a><\/p>\n<p>&nbsp;<\/p>\n<p><a href=\"https:\/\/agora.xtec.cat\/esc-renaixencahostalets\/wp-content\/uploads\/usu1823\/2025\/02\/WhatsApp-Image-2025-02-11-at-17.39.24-1.jpeg\"><img loading=\"lazy\" decoding=\"async\" class=\"alignnone size-large wp-image-21405\" src=\"https:\/\/agora.xtec.cat\/esc-renaixencahostalets\/wp-content\/uploads\/usu1823\/2025\/02\/WhatsApp-Image-2025-02-11-at-17.39.24-1-1024x768.jpeg\" alt=\"\" width=\"1024\" height=\"768\" srcset=\"https:\/\/agora.xtec.cat\/esc-renaixencahostalets\/wp-content\/uploads\/usu1823\/2025\/02\/WhatsApp-Image-2025-02-11-at-17.39.24-1-1024x768.jpeg 1024w, https:\/\/agora.xtec.cat\/esc-renaixencahostalets\/wp-content\/uploads\/usu1823\/2025\/02\/WhatsApp-Image-2025-02-11-at-17.39.24-1-300x225.jpeg 300w, https:\/\/agora.xtec.cat\/esc-renaixencahostalets\/wp-content\/uploads\/usu1823\/2025\/02\/WhatsApp-Image-2025-02-11-at-17.39.24-1-768x576.jpeg 768w, https:\/\/agora.xtec.cat\/esc-renaixencahostalets\/wp-content\/uploads\/usu1823\/2025\/02\/WhatsApp-Image-2025-02-11-at-17.39.24-1-1536x1152.jpeg 1536w, https:\/\/agora.xtec.cat\/esc-renaixencahostalets\/wp-content\/uploads\/usu1823\/2025\/02\/WhatsApp-Image-2025-02-11-at-17.39.24-1-200x150.jpeg 200w, https:\/\/agora.xtec.cat\/esc-renaixencahostalets\/wp-content\/uploads\/usu1823\/2025\/02\/WhatsApp-Image-2025-02-11-at-17.39.24-1.jpeg 1600w\" sizes=\"auto, (max-width: 1024px) 100vw, 1024px\" \/><\/a><\/p>\n<p>&nbsp;<\/p>\n<p><a href=\"https:\/\/agora.xtec.cat\/esc-renaixencahostalets\/wp-content\/uploads\/usu1823\/2025\/02\/WhatsApp-Image-2025-02-11-at-17.44.29.jpeg\"><img loading=\"lazy\" decoding=\"async\" class=\"alignnone size-large wp-image-21404\" src=\"https:\/\/agora.xtec.cat\/esc-renaixencahostalets\/wp-content\/uploads\/usu1823\/2025\/02\/WhatsApp-Image-2025-02-11-at-17.44.29-768x1024.jpeg\" alt=\"\" width=\"768\" height=\"1024\" srcset=\"https:\/\/agora.xtec.cat\/esc-renaixencahostalets\/wp-content\/uploads\/usu1823\/2025\/02\/WhatsApp-Image-2025-02-11-at-17.44.29-768x1024.jpeg 768w, https:\/\/agora.xtec.cat\/esc-renaixencahostalets\/wp-content\/uploads\/usu1823\/2025\/02\/WhatsApp-Image-2025-02-11-at-17.44.29-225x300.jpeg 225w, https:\/\/agora.xtec.cat\/esc-renaixencahostalets\/wp-content\/uploads\/usu1823\/2025\/02\/WhatsApp-Image-2025-02-11-at-17.44.29-1152x1536.jpeg 1152w, https:\/\/agora.xtec.cat\/esc-renaixencahostalets\/wp-content\/uploads\/usu1823\/2025\/02\/WhatsApp-Image-2025-02-11-at-17.44.29.jpeg 1200w\" sizes=\"auto, (max-width: 768px) 100vw, 768px\" \/><\/a><\/p>\n<p>&nbsp;<\/p>\n<p><a href=\"https:\/\/agora.xtec.cat\/esc-renaixencahostalets\/wp-content\/uploads\/usu1823\/2025\/02\/WhatsApp-Image-2025-02-11-at-17.45.11.jpeg\"><img loading=\"lazy\" decoding=\"async\" class=\"alignnone size-large wp-image-21403\" src=\"https:\/\/agora.xtec.cat\/esc-renaixencahostalets\/wp-content\/uploads\/usu1823\/2025\/02\/WhatsApp-Image-2025-02-11-at-17.45.11-1024x768.jpeg\" alt=\"\" width=\"1024\" height=\"768\" srcset=\"https:\/\/agora.xtec.cat\/esc-renaixencahostalets\/wp-content\/uploads\/usu1823\/2025\/02\/WhatsApp-Image-2025-02-11-at-17.45.11-1024x768.jpeg 1024w, https:\/\/agora.xtec.cat\/esc-renaixencahostalets\/wp-content\/uploads\/usu1823\/2025\/02\/WhatsApp-Image-2025-02-11-at-17.45.11-300x225.jpeg 300w, https:\/\/agora.xtec.cat\/esc-renaixencahostalets\/wp-content\/uploads\/usu1823\/2025\/02\/WhatsApp-Image-2025-02-11-at-17.45.11-768x576.jpeg 768w, https:\/\/agora.xtec.cat\/esc-renaixencahostalets\/wp-content\/uploads\/usu1823\/2025\/02\/WhatsApp-Image-2025-02-11-at-17.45.11-1536x1152.jpeg 1536w, https:\/\/agora.xtec.cat\/esc-renaixencahostalets\/wp-content\/uploads\/usu1823\/2025\/02\/WhatsApp-Image-2025-02-11-at-17.45.11-200x150.jpeg 200w, https:\/\/agora.xtec.cat\/esc-renaixencahostalets\/wp-content\/uploads\/usu1823\/2025\/02\/WhatsApp-Image-2025-02-11-at-17.45.11.jpeg 1600w\" sizes=\"auto, (max-width: 1024px) 100vw, 1024px\" \/><\/a><\/p>\n","protected":false},"excerpt":{"rendered":"<p>Aquesta setmana, l&#8217;alumnat de 5\u00e8 de prim\u00e0ria ha viscut una experi\u00e8ncia inoblidable durant els tres dies de camp d\u2019aprenentatge a Esterri d&#8217;\u00c0neu. Aquesta sortida ha estat una oportunitat fant\u00e0stica per aprendre de manera vivencial, connectant amb la natura i aprofundint en diferents aspectes del medi&hellip;  <a href=\"https:\/\/agora.xtec.cat\/esc-renaixencahostalets\/general\/camp-daprenentatge-p5-a-esterri-daneu\/\" title=\"Read Camp d&#8217;aprenentatge de P5 a Esterri d&#8217;\u00c0neu\">Llegeix m\u00e9s\u00bb<\/a><\/p>\n","protected":false},"author":107,"featured_media":21404,"comment_status":"open","ping_status":"closed","sticky":false,"template":"","format":"standard","meta":{"_bbp_topic_count":0,"_bbp_reply_count":0,"_bbp_total_topic_count":0,"_bbp_total_reply_count":0,"_bbp_voice_count":0,"_bbp_anonymous_reply_count":0,"_bbp_topic_count_hidden":0,"_bbp_reply_count_hidden":0,"_bbp_forum_subforum_count":0,"footnotes":""},"categories":[1,126],"tags":[],"class_list":["post-21402","post","type-post","status-publish","format-standard","has-post-thumbnail","hentry","category-general","category-126"],"post_mailing_queue_ids":[],"_links":{"self":[{"href":"https:\/\/agora.xtec.cat\/esc-renaixencahostalets\/wp-json\/wp\/v2\/posts\/21402","targetHints":{"allow":["GET"]}}],"collection":[{"href":"https:\/\/agora.xtec.cat\/esc-renaixencahostalets\/wp-json\/wp\/v2\/posts"}],"about":[{"href":"https:\/\/agora.xtec.cat\/esc-renaixencahostalets\/wp-json\/wp\/v2\/types\/post"}],"author":[{"embeddable":true,"href":"https:\/\/agora.xtec.cat\/esc-renaixencahostalets\/wp-json\/wp\/v2\/users\/107"}],"replies":[{"embeddable":true,"href":"https:\/\/agora.xtec.cat\/esc-renaixencahostalets\/wp-json\/wp\/v2\/comments?post=21402"}],"version-history":[{"count":5,"href":"https:\/\/agora.xtec.cat\/esc-renaixencahostalets\/wp-json\/wp\/v2\/posts\/21402\/revisions"}],"predecessor-version":[{"id":21415,"href":"https:\/\/agora.xtec.cat\/esc-renaixencahostalets\/wp-json\/wp\/v2\/posts\/21402\/revisions\/21415"}],"wp:featuredmedia":[{"embeddable":true,"href":"https:\/\/agora.xtec.cat\/esc-renaixencahostalets\/wp-json\/wp\/v2\/media\/21404"}],"wp:attachment":[{"href":"https:\/\/agora.xtec.cat\/esc-renaixencahostalets\/wp-json\/wp\/v2\/media?parent=21402"}],"wp:term":[{"taxonomy":"category","embeddable":true,"href":"https:\/\/agora.xtec.cat\/esc-renaixencahostalets\/wp-json\/wp\/v2\/categories?post=21402"},{"taxonomy":"post_tag","embeddable":true,"href":"https:\/\/agora.xtec.cat\/esc-renaixencahostalets\/wp-json\/wp\/v2\/tags?post=21402"}],"curies":[{"name":"wp","href":"https:\/\/api.w.org\/{rel}","templated":true}]}}