{"id":21397,"date":"2025-02-11T09:21:22","date_gmt":"2025-02-11T08:21:22","guid":{"rendered":"https:\/\/agora.xtec.cat\/esc-renaixencahostalets\/?p=21397"},"modified":"2025-02-13T14:09:58","modified_gmt":"2025-02-13T13:09:58","slug":"a-educacio-infantil-tenim-un-nou-pati","status":"publish","type":"post","link":"https:\/\/agora.xtec.cat\/esc-renaixencahostalets\/general\/a-educacio-infantil-tenim-un-nou-pati\/","title":{"rendered":"A Educaci\u00f3 Infantil tenim un nou pati!"},"content":{"rendered":"<p><span class=\"gmail_default\">Estem\u00a0<\/span>molt contents <span class=\"gmail_default\">i contentes\u00a0<\/span>de compartir amb vosaltres una gran novetat: el nostre pati d&#8217;Educaci\u00f3 Infantil s&#8217;ha renovat! Ara tenim un espai ple de jocs i aventures, amb noves estructures per escalar que posaran a prova la for\u00e7a i l&#8217;equilibri dels nostres petit<span class=\"gmail_default\">s i petites<\/span>. Tamb\u00e9 hem afegit una taula de p\u00edcnic per compartir moments entre amics i una zona especial per fer equilibris i millorar la coordinaci\u00f3. Un dels racons m\u00e9s divertits \u00e9s el circuit d&#8217;aig\u00fcetes, on els nens <span class=\"gmail_default\">i les nenes\u00a0<\/span>poden<span class=\"gmail_default\">\u00a0<\/span>f<span class=\"gmail_default\">er pastetes.<\/span> Per completar l&#8217;espai, hem instal\u00b7lat una tipi de fusta, ideal per inventar hist\u00f2ries i viure aventures. Aquest pati \u00e9s ara un lloc m\u00e9s divertit i creatiu per als nostres alumnes, on poden aprendre jugant!<span class=\"gmail-Apple-converted-space\">\u00a0<\/span><\/p>\n<p><a href=\"https:\/\/agora.xtec.cat\/esc-renaixencahostalets\/wp-content\/uploads\/usu1823\/2025\/02\/IMG_9975-scaled.jpg\"><img loading=\"lazy\" decoding=\"async\" class=\"alignnone size-large wp-image-21398\" src=\"https:\/\/agora.xtec.cat\/esc-renaixencahostalets\/wp-content\/uploads\/usu1823\/2025\/02\/IMG_9975-768x1024.jpg\" alt=\"\" width=\"768\" height=\"1024\" srcset=\"https:\/\/agora.xtec.cat\/esc-renaixencahostalets\/wp-content\/uploads\/usu1823\/2025\/02\/IMG_9975-768x1024.jpg 768w, https:\/\/agora.xtec.cat\/esc-renaixencahostalets\/wp-content\/uploads\/usu1823\/2025\/02\/IMG_9975-225x300.jpg 225w, https:\/\/agora.xtec.cat\/esc-renaixencahostalets\/wp-content\/uploads\/usu1823\/2025\/02\/IMG_9975-1152x1536.jpg 1152w, https:\/\/agora.xtec.cat\/esc-renaixencahostalets\/wp-content\/uploads\/usu1823\/2025\/02\/IMG_9975-1536x2048.jpg 1536w, https:\/\/agora.xtec.cat\/esc-renaixencahostalets\/wp-content\/uploads\/usu1823\/2025\/02\/IMG_9975-scaled.jpg 1920w\" sizes=\"auto, (max-width: 768px) 100vw, 768px\" \/><\/a> <a href=\"https:\/\/agora.xtec.cat\/esc-renaixencahostalets\/wp-content\/uploads\/usu1823\/2025\/02\/IMG_9977-scaled.jpg\"><img loading=\"lazy\" decoding=\"async\" class=\"alignnone size-large wp-image-21399\" src=\"https:\/\/agora.xtec.cat\/esc-renaixencahostalets\/wp-content\/uploads\/usu1823\/2025\/02\/IMG_9977-768x1024.jpg\" alt=\"\" width=\"768\" height=\"1024\" srcset=\"https:\/\/agora.xtec.cat\/esc-renaixencahostalets\/wp-content\/uploads\/usu1823\/2025\/02\/IMG_9977-768x1024.jpg 768w, https:\/\/agora.xtec.cat\/esc-renaixencahostalets\/wp-content\/uploads\/usu1823\/2025\/02\/IMG_9977-225x300.jpg 225w, https:\/\/agora.xtec.cat\/esc-renaixencahostalets\/wp-content\/uploads\/usu1823\/2025\/02\/IMG_9977-1152x1536.jpg 1152w, https:\/\/agora.xtec.cat\/esc-renaixencahostalets\/wp-content\/uploads\/usu1823\/2025\/02\/IMG_9977-1536x2048.jpg 1536w, https:\/\/agora.xtec.cat\/esc-renaixencahostalets\/wp-content\/uploads\/usu1823\/2025\/02\/IMG_9977-scaled.jpg 1920w\" sizes=\"auto, (max-width: 768px) 100vw, 768px\" \/><\/a><\/p>\n","protected":false},"excerpt":{"rendered":"<p>Estem\u00a0molt contents i contentes\u00a0de compartir amb vosaltres una gran novetat: el nostre pati d&#8217;Educaci\u00f3 Infantil s&#8217;ha renovat! Ara tenim un espai ple de jocs i aventures, amb noves estructures per escalar que posaran a prova la for\u00e7a i l&#8217;equilibri dels nostres petits i petites. Tamb\u00e9&hellip;  <a href=\"https:\/\/agora.xtec.cat\/esc-renaixencahostalets\/general\/a-educacio-infantil-tenim-un-nou-pati\/\" title=\"Read A Educaci\u00f3 Infantil tenim un nou pati!\">Llegeix m\u00e9s\u00bb<\/a><\/p>\n","protected":false},"author":108,"featured_media":21413,"comment_status":"open","ping_status":"closed","sticky":false,"template":"","format":"standard","meta":{"_bbp_topic_count":0,"_bbp_reply_count":0,"_bbp_total_topic_count":0,"_bbp_total_reply_count":0,"_bbp_voice_count":0,"_bbp_anonymous_reply_count":0,"_bbp_topic_count_hidden":0,"_bbp_reply_count_hidden":0,"_bbp_forum_subforum_count":0,"footnotes":""},"categories":[1,3,8,9],"tags":[],"class_list":["post-21397","post","type-post","status-publish","format-standard","has-post-thumbnail","hentry","category-general","category-i3","category-i4","category-i5"],"post_mailing_queue_ids":[],"_links":{"self":[{"href":"https:\/\/agora.xtec.cat\/esc-renaixencahostalets\/wp-json\/wp\/v2\/posts\/21397","targetHints":{"allow":["GET"]}}],"collection":[{"href":"https:\/\/agora.xtec.cat\/esc-renaixencahostalets\/wp-json\/wp\/v2\/posts"}],"about":[{"href":"https:\/\/agora.xtec.cat\/esc-renaixencahostalets\/wp-json\/wp\/v2\/types\/post"}],"author":[{"embeddable":true,"href":"https:\/\/agora.xtec.cat\/esc-renaixencahostalets\/wp-json\/wp\/v2\/users\/108"}],"replies":[{"embeddable":true,"href":"https:\/\/agora.xtec.cat\/esc-renaixencahostalets\/wp-json\/wp\/v2\/comments?post=21397"}],"version-history":[{"count":2,"href":"https:\/\/agora.xtec.cat\/esc-renaixencahostalets\/wp-json\/wp\/v2\/posts\/21397\/revisions"}],"predecessor-version":[{"id":21414,"href":"https:\/\/agora.xtec.cat\/esc-renaixencahostalets\/wp-json\/wp\/v2\/posts\/21397\/revisions\/21414"}],"wp:featuredmedia":[{"embeddable":true,"href":"https:\/\/agora.xtec.cat\/esc-renaixencahostalets\/wp-json\/wp\/v2\/media\/21413"}],"wp:attachment":[{"href":"https:\/\/agora.xtec.cat\/esc-renaixencahostalets\/wp-json\/wp\/v2\/media?parent=21397"}],"wp:term":[{"taxonomy":"category","embeddable":true,"href":"https:\/\/agora.xtec.cat\/esc-renaixencahostalets\/wp-json\/wp\/v2\/categories?post=21397"},{"taxonomy":"post_tag","embeddable":true,"href":"https:\/\/agora.xtec.cat\/esc-renaixencahostalets\/wp-json\/wp\/v2\/tags?post=21397"}],"curies":[{"name":"wp","href":"https:\/\/api.w.org\/{rel}","templated":true}]}}