{"id":21367,"date":"2025-01-22T14:30:56","date_gmt":"2025-01-22T13:30:56","guid":{"rendered":"https:\/\/agora.xtec.cat\/esc-renaixencahostalets\/?p=21367"},"modified":"2025-01-22T14:42:31","modified_gmt":"2025-01-22T13:42:31","slug":"projecte-quadre-clinic-a-5e-i-6e-de-primaria","status":"publish","type":"post","link":"https:\/\/agora.xtec.cat\/esc-renaixencahostalets\/general\/projecte-quadre-clinic-a-5e-i-6e-de-primaria\/","title":{"rendered":"Projecte &#8220;Quadre cl\u00ednic&#8221; a 5\u00e8 i 6\u00e8 de prim\u00e0ria"},"content":{"rendered":"<p><span style=\"font-weight: 400;\">Aquest mes de gener, cicle superior, ha culminat amb \u00e8xit el segon gran projecte d\u2019aquest curs: &#8220;<\/span><b>Quadre cl\u00ednic<\/b><span style=\"font-weight: 400;\">&#8220;. Aquest projecte va sorgir de la connexi\u00f3 dels diferents aparells del nostre animal de la classe amb el nostre propi cos.<\/span><\/p>\n<p><span style=\"font-weight: 400;\">Aquesta iniciativa, centrada en el cos hum\u00e0, ha perm\u00e8s als alumnes explorar de manera integral i participativa com funcionen els diferents aparells del nostre cos. <\/span><span style=\"font-weight: 400;\">\u00a0<\/span><\/p>\n<p><span style=\"font-weight: 400;\">El projecte ha estat dissenyat amb un enfocament din\u00e0mic, aut\u00f2nom i col\u00b7laboratiu, on l\u2019alumnat ha treballat en grups cooperatius a trav\u00e9s de diverses <strong>estacions de treball<\/strong>. Cada estaci\u00f3 estava dedicada a un aparell del cos hum\u00e0, i les activitats s\u2019han estructurat en quatre fases:<\/span><\/p>\n<ol>\n<li style=\"font-weight: 400;\" aria-level=\"1\"><b>Qu\u00e8 en sabem?<\/b><span style=\"font-weight: 400;\"> Hem comen\u00e7at identificant les idees pr\u00e8vies de l\u2019alumnat sobre cada aparell. Aquesta fase ha estat clau per despertar la curiositat i preparar el terreny per a nous aprenentatges.<\/span><\/li>\n<li style=\"font-weight: 400;\" aria-level=\"1\"><b>Ens informem.<\/b><span style=\"font-weight: 400;\"> A partir de lectures, v\u00eddeos i altres materials, els alumnes han accedit a informaci\u00f3 clau sobre el funcionament de cada aparell. Les explicacions guiades i els recursos audiovisuals han ajudat a consolidar conceptes.<\/span><\/li>\n<li style=\"font-weight: 400;\" aria-level=\"1\"><b>Experimentem.<\/b><span style=\"font-weight: 400;\"> Aquesta ha estat, sens dubte, la part m\u00e9s emocionant i enriquidora. L\u2019alumnat ha realitzat activitats manipulatives i vivencials que els han perm\u00e8s connectar teoria i pr\u00e0ctica. Entre altres experi\u00e8ncies, han inflat pulmons de porc, disseccionat cors i observat espermatozoides al microscopi. Aquestes activitats han transformat l\u2019aula en un espai viu d\u2019exploraci\u00f3 i descobriment.<\/span><\/li>\n<li style=\"font-weight: 400;\" aria-level=\"1\"><b>Sintetitzem.<\/b><span style=\"font-weight: 400;\"> Per tancar el projecte, cada grup ha reflexionat i resumit els coneixements adquirits, i, finalment, amb una cloenda reflexiva, han consolidat tot el que han apr\u00e8s.<\/span><\/li>\n<\/ol>\n<p><span style=\"font-weight: 400;\">En aquest projecte, tamb\u00e9 han apr\u00e8s a analitzar dades recollides a partir de les seves pr\u00f2pies mesures, treballant conceptes com <strong>la moda<\/strong> i <strong>la mitjana<\/strong>.<\/span><\/p>\n<p><span style=\"font-weight: 400;\">A m\u00e9s, hem aprofitat per incorporar un component art\u00edstic al projecte. Inspirant-nos en l\u2019estil d\u2019<strong>Andy Warhol<\/strong>, cada alumne ha creat una part de la portada pel seu dossier del projecte, aportant un toc visual que simbolitza la creativitat i la diversitat que han guiat tot el proc\u00e9s.<\/span><\/p>\n<p><span style=\"font-weight: 400;\">Aquest projecte ha estat una experi\u00e8ncia molt enriquidora per als nostres alumnes. No nom\u00e9s han aprofundit en el coneixement del cos hum\u00e0, sin\u00f3 que tamb\u00e9 han treballat habilitats clau com el treball cooperatiu, l\u2019autonomia i la curiositat cient\u00edfica.\u00a0<\/span><\/p>\n<p><span style=\"font-weight: 400;\">Hem gaudit molt\u00edssim!<\/span><\/p>\n<p>&nbsp;<\/p>\n<p>&nbsp;<\/p>\n<p><iframe loading=\"lazy\" src=\"https:\/\/drive.google.com\/file\/d\/1YIGe8meEP9-TzuQ1C10xPbAB2U5MSsS7\/preview\" width=\"640\" height=\"480\"><\/iframe><\/p>\n<p><iframe loading=\"lazy\" src=\"https:\/\/drive.google.com\/file\/d\/1PU8Y85KJB1Q0bf6LWuMNGhi875oPKVm0\/preview\" width=\"640\" height=\"480\"><\/iframe><\/p>\n<p><iframe loading=\"lazy\" src=\"https:\/\/drive.google.com\/file\/d\/19pQZvDw4sbODCHyz5YOG8bYxw8Mub1Vw\/preview\" width=\"640\" height=\"480\"><\/iframe><\/p>\n<p><iframe loading=\"lazy\" src=\"https:\/\/drive.google.com\/file\/d\/1FaV_DutiVK8qUorBZi9ifbMjODJ4rHdR\/preview\" width=\"640\" height=\"480\"><\/iframe><\/p>\n<p><iframe loading=\"lazy\" src=\"https:\/\/drive.google.com\/file\/d\/17iQ7QB-Rh-hTuu_wO-VeGkSDr8haTo-r\/preview\" width=\"640\" height=\"480\"><\/iframe><\/p>\n<p><iframe loading=\"lazy\" src=\"https:\/\/drive.google.com\/file\/d\/1JC88SYXI9iSmBI5fO-aA8Dgeh2St4uCu\/preview\" width=\"640\" height=\"480\"><\/iframe><\/p>\n<p><iframe loading=\"lazy\" src=\"https:\/\/drive.google.com\/file\/d\/1PULrCLgzCkZUdOkLZyuoLdBTeeZTGKlZ\/preview\" width=\"640\" height=\"480\"><\/iframe><\/p>\n<p><iframe loading=\"lazy\" src=\"https:\/\/drive.google.com\/file\/d\/1mwbnM1Cu2j1tXHT6xVqDT9YY-Qhi-xjJ\/preview\" width=\"640\" height=\"480\"><\/iframe><\/p>\n<p><iframe loading=\"lazy\" src=\"https:\/\/drive.google.com\/file\/d\/1DwAbceEEhRr2fqmKc4CGzvp4-H4DYSVO\/preview\" width=\"640\" height=\"480\"><\/iframe><\/p>\n","protected":false},"excerpt":{"rendered":"<p>Aquest mes de gener, cicle superior, ha culminat amb \u00e8xit el segon gran projecte d\u2019aquest curs: &#8220;Quadre cl\u00ednic&#8220;. Aquest projecte va sorgir de la connexi\u00f3 dels diferents aparells del nostre animal de la classe amb el nostre propi cos.<br \/>\nAquesta iniciativa, centrada en el cos hum\u00e0,&hellip;  <a href=\"https:\/\/agora.xtec.cat\/esc-renaixencahostalets\/general\/projecte-quadre-clinic-a-5e-i-6e-de-primaria\/\" title=\"Read Projecte &#8220;Quadre cl\u00ednic&#8221; a 5\u00e8 i 6\u00e8 de prim\u00e0ria\">Llegeix m\u00e9s\u00bb<\/a><\/p>\n","protected":false},"author":30,"featured_media":21376,"comment_status":"open","ping_status":"closed","sticky":false,"template":"","format":"standard","meta":{"_bbp_topic_count":0,"_bbp_reply_count":0,"_bbp_total_topic_count":0,"_bbp_total_reply_count":0,"_bbp_voice_count":0,"_bbp_anonymous_reply_count":0,"_bbp_topic_count_hidden":0,"_bbp_reply_count_hidden":0,"_bbp_forum_subforum_count":0,"footnotes":""},"categories":[14,15,1,125,126],"tags":[],"class_list":["post-21367","post","type-post","status-publish","format-standard","has-post-thumbnail","hentry","category-5e","category-6e","category-general","category-125","category-126"],"post_mailing_queue_ids":[],"_links":{"self":[{"href":"https:\/\/agora.xtec.cat\/esc-renaixencahostalets\/wp-json\/wp\/v2\/posts\/21367","targetHints":{"allow":["GET"]}}],"collection":[{"href":"https:\/\/agora.xtec.cat\/esc-renaixencahostalets\/wp-json\/wp\/v2\/posts"}],"about":[{"href":"https:\/\/agora.xtec.cat\/esc-renaixencahostalets\/wp-json\/wp\/v2\/types\/post"}],"author":[{"embeddable":true,"href":"https:\/\/agora.xtec.cat\/esc-renaixencahostalets\/wp-json\/wp\/v2\/users\/30"}],"replies":[{"embeddable":true,"href":"https:\/\/agora.xtec.cat\/esc-renaixencahostalets\/wp-json\/wp\/v2\/comments?post=21367"}],"version-history":[{"count":6,"href":"https:\/\/agora.xtec.cat\/esc-renaixencahostalets\/wp-json\/wp\/v2\/posts\/21367\/revisions"}],"predecessor-version":[{"id":21377,"href":"https:\/\/agora.xtec.cat\/esc-renaixencahostalets\/wp-json\/wp\/v2\/posts\/21367\/revisions\/21377"}],"wp:featuredmedia":[{"embeddable":true,"href":"https:\/\/agora.xtec.cat\/esc-renaixencahostalets\/wp-json\/wp\/v2\/media\/21376"}],"wp:attachment":[{"href":"https:\/\/agora.xtec.cat\/esc-renaixencahostalets\/wp-json\/wp\/v2\/media?parent=21367"}],"wp:term":[{"taxonomy":"category","embeddable":true,"href":"https:\/\/agora.xtec.cat\/esc-renaixencahostalets\/wp-json\/wp\/v2\/categories?post=21367"},{"taxonomy":"post_tag","embeddable":true,"href":"https:\/\/agora.xtec.cat\/esc-renaixencahostalets\/wp-json\/wp\/v2\/tags?post=21367"}],"curies":[{"name":"wp","href":"https:\/\/api.w.org\/{rel}","templated":true}]}}