{"id":21354,"date":"2025-01-08T19:14:08","date_gmt":"2025-01-08T18:14:08","guid":{"rendered":"https:\/\/agora.xtec.cat\/esc-renaixencahostalets\/?p=21354"},"modified":"2025-01-08T19:17:07","modified_gmt":"2025-01-08T18:17:07","slug":"gran-participacio-en-la-cursa-solidaria","status":"publish","type":"post","link":"https:\/\/agora.xtec.cat\/esc-renaixencahostalets\/general\/gran-participacio-en-la-cursa-solidaria\/","title":{"rendered":"Gran participaci\u00f3 en la cursa solid\u00e0ria"},"content":{"rendered":"<p><span style=\"font-weight: 400;\">El passat dijous 19 de desembre l\u2019alumnat i les fam\u00edlies de l\u2019IE Renaixen\u00e7a van participar en la <\/span><b>cursa solid\u00e0ria<\/b><b>. <\/b><span style=\"font-weight: 400;\">Volem donar les gr\u00e0cies a <\/span><b>l\u2019Ajuntament dels Hostalets de Pierola<\/b><span style=\"font-weight: 400;\"> pel material que ens va deixar i a <\/span><b>l\u2019AFA<\/b><span style=\"font-weight: 400;\"> per col\u00b7laborar amb les pomes. Una de les novetats d&#8217;enguany va ser que l\u2019alumnat d\u2019educaci\u00f3 secund\u00e0ria va dinamitzar l\u2019escalfament previ a la cursa per l\u2019alumnat d\u2019educaci\u00f3 prim\u00e0ria, establint aix\u00ed connexions entre el que han treballat a les sessions d\u2019educaci\u00f3 f\u00edsica durant el primer trimestre.\u00a0<\/span><\/p>\n<p><span style=\"font-weight: 400;\">L\u2019endem\u00e0, el divendres 20 de desembre, es va dur a terme l\u2019entrega dels premis de la cursa. Per una banda, el <\/span><b>grup de P1A es va emportar el premi a la classe que va aconseguir c\u00f3rrer m\u00e9s<\/b><span style=\"font-weight: 400;\">. Per altra banda, el <\/span><b>grup de P5A va aconseguir el premi a la classe que va aconseguir recaptar m\u00e9s aliments<\/b><span style=\"font-weight: 400;\">. Cal agrair tamb\u00e9 a totes les fam\u00edlies, l\u2019equip docent i a l\u2019alumnat que va participar corrent un total de <\/span><b>1660 voltes<\/b><span style=\"font-weight: 400;\"> i portant <\/span><b>218 kg d\u2019aliments <\/b><span style=\"font-weight: 400;\">per C\u00e0ritas de Piera.<\/span><\/p>\n<p><img loading=\"lazy\" decoding=\"async\" class=\"aligncenter size-full wp-image-21359\" src=\"https:\/\/agora.xtec.cat\/esc-renaixencahostalets\/wp-content\/uploads\/usu1823\/2025\/01\/cursa.jpg\" alt=\"\" width=\"622\" height=\"343\" srcset=\"https:\/\/agora.xtec.cat\/esc-renaixencahostalets\/wp-content\/uploads\/usu1823\/2025\/01\/cursa.jpg 622w, https:\/\/agora.xtec.cat\/esc-renaixencahostalets\/wp-content\/uploads\/usu1823\/2025\/01\/cursa-300x165.jpg 300w\" sizes=\"auto, (max-width: 622px) 100vw, 622px\" \/><\/p>\n<p>&nbsp;<\/p>\n","protected":false},"excerpt":{"rendered":"<p>En la darrera cursa solid\u00e0ria es van recollir un total de 218 kg d&#8217;aliments i l&#8217;alumnat va c\u00f3rrer m\u00e9s de 1660 voltes. &hellip;  <a href=\"https:\/\/agora.xtec.cat\/esc-renaixencahostalets\/general\/gran-participacio-en-la-cursa-solidaria\/\" title=\"Read Gran participaci\u00f3 en la cursa solid\u00e0ria\">Llegeix m\u00e9s\u00bb<\/a><\/p>\n","protected":false},"author":26,"featured_media":21359,"comment_status":"closed","ping_status":"closed","sticky":false,"template":"","format":"standard","meta":{"_bbp_topic_count":0,"_bbp_reply_count":0,"_bbp_total_topic_count":0,"_bbp_total_reply_count":0,"_bbp_voice_count":0,"_bbp_anonymous_reply_count":0,"_bbp_topic_count_hidden":0,"_bbp_reply_count_hidden":0,"_bbp_forum_subforum_count":0,"footnotes":""},"categories":[154,1],"tags":[],"class_list":["post-21354","post","type-post","status-publish","format-standard","has-post-thumbnail","hentry","category-educacio-fisica","category-general"],"post_mailing_queue_ids":[],"_links":{"self":[{"href":"https:\/\/agora.xtec.cat\/esc-renaixencahostalets\/wp-json\/wp\/v2\/posts\/21354","targetHints":{"allow":["GET"]}}],"collection":[{"href":"https:\/\/agora.xtec.cat\/esc-renaixencahostalets\/wp-json\/wp\/v2\/posts"}],"about":[{"href":"https:\/\/agora.xtec.cat\/esc-renaixencahostalets\/wp-json\/wp\/v2\/types\/post"}],"author":[{"embeddable":true,"href":"https:\/\/agora.xtec.cat\/esc-renaixencahostalets\/wp-json\/wp\/v2\/users\/26"}],"replies":[{"embeddable":true,"href":"https:\/\/agora.xtec.cat\/esc-renaixencahostalets\/wp-json\/wp\/v2\/comments?post=21354"}],"version-history":[{"count":3,"href":"https:\/\/agora.xtec.cat\/esc-renaixencahostalets\/wp-json\/wp\/v2\/posts\/21354\/revisions"}],"predecessor-version":[{"id":21360,"href":"https:\/\/agora.xtec.cat\/esc-renaixencahostalets\/wp-json\/wp\/v2\/posts\/21354\/revisions\/21360"}],"wp:featuredmedia":[{"embeddable":true,"href":"https:\/\/agora.xtec.cat\/esc-renaixencahostalets\/wp-json\/wp\/v2\/media\/21359"}],"wp:attachment":[{"href":"https:\/\/agora.xtec.cat\/esc-renaixencahostalets\/wp-json\/wp\/v2\/media?parent=21354"}],"wp:term":[{"taxonomy":"category","embeddable":true,"href":"https:\/\/agora.xtec.cat\/esc-renaixencahostalets\/wp-json\/wp\/v2\/categories?post=21354"},{"taxonomy":"post_tag","embeddable":true,"href":"https:\/\/agora.xtec.cat\/esc-renaixencahostalets\/wp-json\/wp\/v2\/tags?post=21354"}],"curies":[{"name":"wp","href":"https:\/\/api.w.org\/{rel}","templated":true}]}}