{"id":21331,"date":"2024-12-11T19:34:08","date_gmt":"2024-12-11T18:34:08","guid":{"rendered":"https:\/\/agora.xtec.cat\/esc-renaixencahostalets\/?p=21331"},"modified":"2024-12-11T20:15:31","modified_gmt":"2024-12-11T19:15:31","slug":"a-educacio-infantil-fem-ambients","status":"publish","type":"post","link":"https:\/\/agora.xtec.cat\/esc-renaixencahostalets\/general\/a-educacio-infantil-fem-ambients\/","title":{"rendered":"A Educaci\u00f3 Infantil fem ambients!"},"content":{"rendered":"<p style=\"text-align: left;\">A l&#8217;Institut Escola dues tardes a la setmana, organitzem ambients d&#8217;aprenentatge on barregem infants d&#8217;I3, I4 i I5. Aquest espai ens permet compartir experi\u00e8ncies i aprendre junts.<\/p>\n<p>Els ambients que fem\u00a0s\u00f3n: joc i moviment, llum i ombres, ci\u00e8ncies, minimons, joc simb\u00f2lic i l&#8217;art\u00edstic.\u00a0 Els m\u00e9s grans ajuden als m\u00e9s petits, afavorint la cooperaci\u00f3 i la conviv\u00e8ncia entre els diferents nivells. Els infants gaudeixen molt d&#8217;aquest temps, on l\u2019ambient \u00e9s dist\u00e8s i ple de noves oportunitats per descobrir.<\/p>\n<p>Els encanta fer ambients!<\/p>\n<p><a href=\"https:\/\/agora.xtec.cat\/esc-renaixencahostalets\/wp-content\/uploads\/usu1823\/2024\/12\/infantil-scaled.jpg\"><img loading=\"lazy\" decoding=\"async\" class=\"alignnone size-large wp-image-21333\" src=\"https:\/\/agora.xtec.cat\/esc-renaixencahostalets\/wp-content\/uploads\/usu1823\/2024\/12\/infantil-1024x768.jpg\" alt=\"\" width=\"1024\" height=\"768\" srcset=\"https:\/\/agora.xtec.cat\/esc-renaixencahostalets\/wp-content\/uploads\/usu1823\/2024\/12\/infantil-1024x768.jpg 1024w, https:\/\/agora.xtec.cat\/esc-renaixencahostalets\/wp-content\/uploads\/usu1823\/2024\/12\/infantil-300x225.jpg 300w, https:\/\/agora.xtec.cat\/esc-renaixencahostalets\/wp-content\/uploads\/usu1823\/2024\/12\/infantil-768x576.jpg 768w, https:\/\/agora.xtec.cat\/esc-renaixencahostalets\/wp-content\/uploads\/usu1823\/2024\/12\/infantil-1536x1152.jpg 1536w, https:\/\/agora.xtec.cat\/esc-renaixencahostalets\/wp-content\/uploads\/usu1823\/2024\/12\/infantil-2048x1536.jpg 2048w, https:\/\/agora.xtec.cat\/esc-renaixencahostalets\/wp-content\/uploads\/usu1823\/2024\/12\/infantil-200x150.jpg 200w\" sizes=\"auto, (max-width: 1024px) 100vw, 1024px\" \/><\/a><\/p>\n<p>&nbsp;<\/p>\n","protected":false},"excerpt":{"rendered":"<p>A l&#8217;Institut Escola dues tardes a la setmana, organitzem ambients d&#8217;aprenentatge on barregem infants d&#8217;I3, I4 i I5. Aquest espai ens permet compartir experi\u00e8ncies i aprendre junts.<br \/>\nEls ambients que fem\u00a0s\u00f3n: joc i moviment, llum i ombres, ci\u00e8ncies, minimons, joc simb\u00f2lic i l&#8217;art\u00edstic.\u00a0 Els m\u00e9s grans&hellip;  <a href=\"https:\/\/agora.xtec.cat\/esc-renaixencahostalets\/general\/a-educacio-infantil-fem-ambients\/\" title=\"Read A Educaci\u00f3 Infantil fem ambients!\">Llegeix m\u00e9s\u00bb<\/a><\/p>\n","protected":false},"author":108,"featured_media":0,"comment_status":"open","ping_status":"closed","sticky":false,"template":"","format":"standard","meta":{"_bbp_topic_count":0,"_bbp_reply_count":0,"_bbp_total_topic_count":0,"_bbp_total_reply_count":0,"_bbp_voice_count":0,"_bbp_anonymous_reply_count":0,"_bbp_topic_count_hidden":0,"_bbp_reply_count_hidden":0,"_bbp_forum_subforum_count":0,"footnotes":""},"categories":[1,3,8,9],"tags":[],"class_list":["post-21331","post","type-post","status-publish","format-standard","hentry","category-general","category-i3","category-i4","category-i5"],"post_mailing_queue_ids":[],"_links":{"self":[{"href":"https:\/\/agora.xtec.cat\/esc-renaixencahostalets\/wp-json\/wp\/v2\/posts\/21331","targetHints":{"allow":["GET"]}}],"collection":[{"href":"https:\/\/agora.xtec.cat\/esc-renaixencahostalets\/wp-json\/wp\/v2\/posts"}],"about":[{"href":"https:\/\/agora.xtec.cat\/esc-renaixencahostalets\/wp-json\/wp\/v2\/types\/post"}],"author":[{"embeddable":true,"href":"https:\/\/agora.xtec.cat\/esc-renaixencahostalets\/wp-json\/wp\/v2\/users\/108"}],"replies":[{"embeddable":true,"href":"https:\/\/agora.xtec.cat\/esc-renaixencahostalets\/wp-json\/wp\/v2\/comments?post=21331"}],"version-history":[{"count":6,"href":"https:\/\/agora.xtec.cat\/esc-renaixencahostalets\/wp-json\/wp\/v2\/posts\/21331\/revisions"}],"predecessor-version":[{"id":21342,"href":"https:\/\/agora.xtec.cat\/esc-renaixencahostalets\/wp-json\/wp\/v2\/posts\/21331\/revisions\/21342"}],"wp:attachment":[{"href":"https:\/\/agora.xtec.cat\/esc-renaixencahostalets\/wp-json\/wp\/v2\/media?parent=21331"}],"wp:term":[{"taxonomy":"category","embeddable":true,"href":"https:\/\/agora.xtec.cat\/esc-renaixencahostalets\/wp-json\/wp\/v2\/categories?post=21331"},{"taxonomy":"post_tag","embeddable":true,"href":"https:\/\/agora.xtec.cat\/esc-renaixencahostalets\/wp-json\/wp\/v2\/tags?post=21331"}],"curies":[{"name":"wp","href":"https:\/\/api.w.org\/{rel}","templated":true}]}}