{"id":21320,"date":"2024-12-09T14:53:41","date_gmt":"2024-12-09T13:53:41","guid":{"rendered":"https:\/\/agora.xtec.cat\/esc-renaixencahostalets\/?p=21320"},"modified":"2024-12-09T14:55:31","modified_gmt":"2024-12-09T13:55:31","slug":"etwinning-amb-lie-renaixenca","status":"publish","type":"post","link":"https:\/\/agora.xtec.cat\/esc-renaixencahostalets\/general\/etwinning-amb-lie-renaixenca\/","title":{"rendered":"eTwinning amb l&#8217;IE Renaixen\u00e7a"},"content":{"rendered":"<p class=\"p1\"><b>Qu\u00e8 \u00e9s eTwinning?<\/b><\/p>\n<p class=\"p1\"><b>eTwinning \u00e9s la comunitat m\u00e9s extensa de centres educatius d\u2019Europa. Va n\u00e9ixer el 2005 com iniciativa del Programa d\u2019Aprenentatge eLearning de la Comissi\u00f3 Europea i des del 2014 forma part d\u2019Erasmus+, el Programa de la Uni\u00f3 Europea en mat\u00e8ria d\u2019educaci\u00f3, formaci\u00f3, joventut i esport El Servei Central de suport est\u00e0 dirigit per European Schoolnet, una associaci\u00f3 internacional de 30 Ministeris Europeus d\u2019Educaci\u00f3 que promouen l\u2019educaci\u00f3 en els centres educatius, a nivell del professorat i l\u2019alumnat de tota Europa. Des d\u2019aquest curs, l\u2019<\/b><b>IE Renaixen\u00e7a forma part d\u2019aquest programa internacional i ja hem comen\u00e7at a col\u2022laborar amb diferents escoles d\u2019arreu.<\/b><\/p>\n<p><strong><a href=\"https:\/\/www.instagram.com\/reel\/DDRwzIaNPo9\/?igsh=bzY0NXo3b2gxMDFm\">A l&#8217;Instragram de l&#8217;IE Renaixenca<\/a> podeu veure tot el que han creat els alumnes:\u00a0<\/strong><\/p>\n<p><a href=\"https:\/\/agora.xtec.cat\/esc-renaixencahostalets\/wp-content\/uploads\/usu1823\/2024\/12\/IMG_7957.jpg\"><img loading=\"lazy\" decoding=\"async\" class=\" wp-image-21321\" src=\"https:\/\/agora.xtec.cat\/esc-renaixencahostalets\/wp-content\/uploads\/usu1823\/2024\/12\/IMG_7957-1024x1017.jpg\" alt=\"\" width=\"413\" height=\"410\" srcset=\"https:\/\/agora.xtec.cat\/esc-renaixencahostalets\/wp-content\/uploads\/usu1823\/2024\/12\/IMG_7957-1024x1017.jpg 1024w, https:\/\/agora.xtec.cat\/esc-renaixencahostalets\/wp-content\/uploads\/usu1823\/2024\/12\/IMG_7957-300x298.jpg 300w, https:\/\/agora.xtec.cat\/esc-renaixencahostalets\/wp-content\/uploads\/usu1823\/2024\/12\/IMG_7957-150x150.jpg 150w, https:\/\/agora.xtec.cat\/esc-renaixencahostalets\/wp-content\/uploads\/usu1823\/2024\/12\/IMG_7957-768x763.jpg 768w, https:\/\/agora.xtec.cat\/esc-renaixencahostalets\/wp-content\/uploads\/usu1823\/2024\/12\/IMG_7957.jpg 1290w\" sizes=\"auto, (max-width: 413px) 100vw, 413px\" \/><\/a><\/p>\n","protected":false},"excerpt":{"rendered":"<p>Qu\u00e8 \u00e9s eTwinning?<br \/>\neTwinning \u00e9s la comunitat m\u00e9s extensa de centres educatius d\u2019Europa. Va n\u00e9ixer el 2005 com iniciativa del Programa d\u2019Aprenentatge eLearning de la Comissi\u00f3 Europea i des del 2014 forma part d\u2019Erasmus+, el Programa de la Uni\u00f3 Europea en mat\u00e8ria d\u2019educaci\u00f3, formaci\u00f3, joventut i&hellip;  <a href=\"https:\/\/agora.xtec.cat\/esc-renaixencahostalets\/general\/etwinning-amb-lie-renaixenca\/\" title=\"Read eTwinning amb l&#8217;IE Renaixen\u00e7a\">Llegeix m\u00e9s\u00bb<\/a><\/p>\n","protected":false},"author":109,"featured_media":21321,"comment_status":"open","ping_status":"closed","sticky":false,"template":"","format":"standard","meta":{"_bbp_topic_count":0,"_bbp_reply_count":0,"_bbp_total_topic_count":0,"_bbp_total_reply_count":0,"_bbp_voice_count":0,"_bbp_anonymous_reply_count":0,"_bbp_topic_count_hidden":0,"_bbp_reply_count_hidden":0,"_bbp_forum_subforum_count":0,"footnotes":""},"categories":[158,1],"tags":[],"class_list":["post-21320","post","type-post","status-publish","format-standard","has-post-thumbnail","hentry","category-english","category-general"],"post_mailing_queue_ids":[],"_links":{"self":[{"href":"https:\/\/agora.xtec.cat\/esc-renaixencahostalets\/wp-json\/wp\/v2\/posts\/21320","targetHints":{"allow":["GET"]}}],"collection":[{"href":"https:\/\/agora.xtec.cat\/esc-renaixencahostalets\/wp-json\/wp\/v2\/posts"}],"about":[{"href":"https:\/\/agora.xtec.cat\/esc-renaixencahostalets\/wp-json\/wp\/v2\/types\/post"}],"author":[{"embeddable":true,"href":"https:\/\/agora.xtec.cat\/esc-renaixencahostalets\/wp-json\/wp\/v2\/users\/109"}],"replies":[{"embeddable":true,"href":"https:\/\/agora.xtec.cat\/esc-renaixencahostalets\/wp-json\/wp\/v2\/comments?post=21320"}],"version-history":[{"count":3,"href":"https:\/\/agora.xtec.cat\/esc-renaixencahostalets\/wp-json\/wp\/v2\/posts\/21320\/revisions"}],"predecessor-version":[{"id":21325,"href":"https:\/\/agora.xtec.cat\/esc-renaixencahostalets\/wp-json\/wp\/v2\/posts\/21320\/revisions\/21325"}],"wp:featuredmedia":[{"embeddable":true,"href":"https:\/\/agora.xtec.cat\/esc-renaixencahostalets\/wp-json\/wp\/v2\/media\/21321"}],"wp:attachment":[{"href":"https:\/\/agora.xtec.cat\/esc-renaixencahostalets\/wp-json\/wp\/v2\/media?parent=21320"}],"wp:term":[{"taxonomy":"category","embeddable":true,"href":"https:\/\/agora.xtec.cat\/esc-renaixencahostalets\/wp-json\/wp\/v2\/categories?post=21320"},{"taxonomy":"post_tag","embeddable":true,"href":"https:\/\/agora.xtec.cat\/esc-renaixencahostalets\/wp-json\/wp\/v2\/tags?post=21320"}],"curies":[{"name":"wp","href":"https:\/\/api.w.org\/{rel}","templated":true}]}}