{"id":21300,"date":"2024-11-29T18:16:28","date_gmt":"2024-11-29T17:16:28","guid":{"rendered":"https:\/\/agora.xtec.cat\/esc-renaixencahostalets\/?p=21300"},"modified":"2024-11-29T18:18:21","modified_gmt":"2024-11-29T17:18:21","slug":"el-25-n-al-nostre-centre","status":"publish","type":"post","link":"https:\/\/agora.xtec.cat\/esc-renaixencahostalets\/general\/el-25-n-al-nostre-centre\/","title":{"rendered":"El 25 N al nostre centre"},"content":{"rendered":"<p data-pm-slice=\"1 1 []\">El passat dilluns 25 de novembre es van dur a terme diverses activitats relacionades amb la coeducaci\u00f3 amb motiu del Dia internacional per a l&#8217;eliminaci\u00f3 de la viol\u00e8ncia contra les dones. Algunes d&#8217;elles van ser pr\u00e8vies a aquest dia i d&#8217;altres han sigut posteriors. A continuaci\u00f3 us detallem el que ha fet cada etapa o cicle:<\/p>\n<ul style=\"list-style-type: circle;\">\n<li>Educaci\u00f3 infantil: Lectura dels contes &#8220;Artur i la Clementina&#8221; i &#8220;Rosa caramel&#8221;.<\/li>\n<li>Educaci\u00f3 prim\u00e0ria: La m\u00e0 de la igualtat.<\/li>\n<li>P1 i P2: Caixa de les paraules boniques.<\/li>\n<li>P3 i P4: Caixa dels conflictes.<\/li>\n<li>P5 i P6: Comprensi\u00f3 lectora relacionada amb la tem\u00e0tica.<\/li>\n<li>Educaci\u00f3 secund\u00e0ria: Activitats durant l&#8217;estona del &#8220;Bon dia&#8221;, dels cercles i de lectura.<\/li>\n<li>1r d&#8217;ESO: #blablabla i Cartells inspiradors.<\/li>\n<li>2n d&#8217;ESO: Exposici\u00f3 fotogr\u00e0fica.<\/li>\n<li>3r i 4t d&#8217;ESO: Xerrada a l&#8217;Auditori sobre la situaci\u00f3 de la dona a Mali, Senegal i G\u00e0mbia a c\u00e0rrec de CEAR (Comisi\u00f3n Espa\u00f1ola de Ayuda al Refugiado) i lectura del manifest per part d&#8217;algunes alumnes de 4t d&#8217;ESO.<\/li>\n<\/ul>\n<p>Totes aquestes propostes s&#8217;han pogut dur a terme gr\u00e0cies a la participaci\u00f3 de l&#8217;alumnat i del claustre de l&#8217;IE Reniaxen\u00e7a, de l&#8217;Ajuntament dels Hostalets de Pierola i, especialment, de les persones que conformen la comissi\u00f3 de coeducaci\u00f3 del nostre centre.<\/p>\n<p><img loading=\"lazy\" decoding=\"async\" class=\"aligncenter size-full wp-image-21301\" src=\"https:\/\/agora.xtec.cat\/esc-renaixencahostalets\/wp-content\/uploads\/usu1823\/2024\/11\/25N.png\" alt=\"\" width=\"1080\" height=\"1350\" srcset=\"https:\/\/agora.xtec.cat\/esc-renaixencahostalets\/wp-content\/uploads\/usu1823\/2024\/11\/25N.png 1080w, https:\/\/agora.xtec.cat\/esc-renaixencahostalets\/wp-content\/uploads\/usu1823\/2024\/11\/25N-240x300.png 240w, https:\/\/agora.xtec.cat\/esc-renaixencahostalets\/wp-content\/uploads\/usu1823\/2024\/11\/25N-819x1024.png 819w, https:\/\/agora.xtec.cat\/esc-renaixencahostalets\/wp-content\/uploads\/usu1823\/2024\/11\/25N-768x960.png 768w\" sizes=\"auto, (max-width: 1080px) 100vw, 1080px\" \/><\/p>\n","protected":false},"excerpt":{"rendered":"<p>A l&#8217;IE Renaixen\u00e7a s&#8217;han dut a terme diverses activitats relacionades amb la coeducaci\u00f3 amb motiu del Dia internacional per a l&#8217;eliminaci\u00f3 de la viol\u00e8ncia contra les dones.&hellip;  <a href=\"https:\/\/agora.xtec.cat\/esc-renaixencahostalets\/general\/el-25-n-al-nostre-centre\/\" title=\"Read El 25 N al nostre centre\">Llegeix m\u00e9s\u00bb<\/a><\/p>\n","protected":false},"author":26,"featured_media":21301,"comment_status":"closed","ping_status":"closed","sticky":false,"template":"","format":"standard","meta":{"_bbp_topic_count":0,"_bbp_reply_count":0,"_bbp_total_topic_count":0,"_bbp_total_reply_count":0,"_bbp_voice_count":0,"_bbp_anonymous_reply_count":0,"_bbp_topic_count_hidden":0,"_bbp_reply_count_hidden":0,"_bbp_forum_subforum_count":0,"footnotes":""},"categories":[140,1],"tags":[],"class_list":["post-21300","post","type-post","status-publish","format-standard","has-post-thumbnail","hentry","category-coeducacio","category-general"],"post_mailing_queue_ids":[],"_links":{"self":[{"href":"https:\/\/agora.xtec.cat\/esc-renaixencahostalets\/wp-json\/wp\/v2\/posts\/21300","targetHints":{"allow":["GET"]}}],"collection":[{"href":"https:\/\/agora.xtec.cat\/esc-renaixencahostalets\/wp-json\/wp\/v2\/posts"}],"about":[{"href":"https:\/\/agora.xtec.cat\/esc-renaixencahostalets\/wp-json\/wp\/v2\/types\/post"}],"author":[{"embeddable":true,"href":"https:\/\/agora.xtec.cat\/esc-renaixencahostalets\/wp-json\/wp\/v2\/users\/26"}],"replies":[{"embeddable":true,"href":"https:\/\/agora.xtec.cat\/esc-renaixencahostalets\/wp-json\/wp\/v2\/comments?post=21300"}],"version-history":[{"count":1,"href":"https:\/\/agora.xtec.cat\/esc-renaixencahostalets\/wp-json\/wp\/v2\/posts\/21300\/revisions"}],"predecessor-version":[{"id":21302,"href":"https:\/\/agora.xtec.cat\/esc-renaixencahostalets\/wp-json\/wp\/v2\/posts\/21300\/revisions\/21302"}],"wp:featuredmedia":[{"embeddable":true,"href":"https:\/\/agora.xtec.cat\/esc-renaixencahostalets\/wp-json\/wp\/v2\/media\/21301"}],"wp:attachment":[{"href":"https:\/\/agora.xtec.cat\/esc-renaixencahostalets\/wp-json\/wp\/v2\/media?parent=21300"}],"wp:term":[{"taxonomy":"category","embeddable":true,"href":"https:\/\/agora.xtec.cat\/esc-renaixencahostalets\/wp-json\/wp\/v2\/categories?post=21300"},{"taxonomy":"post_tag","embeddable":true,"href":"https:\/\/agora.xtec.cat\/esc-renaixencahostalets\/wp-json\/wp\/v2\/tags?post=21300"}],"curies":[{"name":"wp","href":"https:\/\/api.w.org\/{rel}","templated":true}]}}