{"id":21269,"date":"2024-11-01T09:41:16","date_gmt":"2024-11-01T08:41:16","guid":{"rendered":"https:\/\/agora.xtec.cat\/esc-renaixencahostalets\/?p=21269"},"modified":"2024-11-01T09:48:28","modified_gmt":"2024-11-01T08:48:28","slug":"la-castanyada-a-lie-renaixenca","status":"publish","type":"post","link":"https:\/\/agora.xtec.cat\/esc-renaixencahostalets\/general\/la-castanyada-a-lie-renaixenca\/","title":{"rendered":"La castanyada a l&#8217;IE Renaixen\u00e7a"},"content":{"rendered":"<p>El dijous 31 d&#8217;octubre l&#8217;alumnat de l&#8217;IE Renaixen\u00e7a va fer activitats especials per celebrar la castanyada. Algunes es van haver de canviar per culpa de la pluja, per\u00f2 d&#8217;altres es van poder dur a terme amb normalitat. Educaci\u00f3 infantil i prim\u00e0ria van fer sortides pel poble o per l&#8217;entorn proper durant el mat\u00ed.<\/p>\n<p><img loading=\"lazy\" decoding=\"async\" class=\"aligncenter size-full wp-image-21271\" src=\"https:\/\/agora.xtec.cat\/esc-renaixencahostalets\/wp-content\/uploads\/usu1823\/2024\/11\/Castanyada-2024.png\" alt=\"\" width=\"851\" height=\"315\" srcset=\"https:\/\/agora.xtec.cat\/esc-renaixencahostalets\/wp-content\/uploads\/usu1823\/2024\/11\/Castanyada-2024.png 851w, https:\/\/agora.xtec.cat\/esc-renaixencahostalets\/wp-content\/uploads\/usu1823\/2024\/11\/Castanyada-2024-300x111.png 300w, https:\/\/agora.xtec.cat\/esc-renaixencahostalets\/wp-content\/uploads\/usu1823\/2024\/11\/Castanyada-2024-768x284.png 768w\" sizes=\"auto, (max-width: 851px) 100vw, 851px\" \/><\/p>\n<p>A la tarda, mentre l&#8217;alumnat d&#8217;educaci\u00f3 infantil i cicle inicial van rebre la visita de les castanyeres i van menjar castanyes, l&#8217;alumnat de cicle mitj\u00e0 i superior va gaudir d&#8217;una estona de jocs tradicionals (bitlles catalanes, cursa del cab\u00e0s, l&#8217;espardenyeta, estirar la corda, cursa de sacs, cursa d&#8217;ous, la xarranca, posar la cua al burro, jocs gegants, bales, cursa de xapes, la baldufa, la ferradura, saltar a corda, saltar a les gomes i patacons) al pati i van menjar castanyes i ballar a la pista. Cal destacar que els jocs tradicionals v<span style=\"font-family: inherit; font-size: 1em;\">an estar amenitzats per l&#8217;alumnat de P6, que est\u00e0 treballant des de l&#8217;\u00e0rea d&#8217;educaci\u00f3 f\u00edsica els jocs tradicionals i van tenir l&#8217;ocasi\u00f3 per explicar-los a companys\/es d&#8217;altres cursos i poder jugar conjuntament. <\/span><\/p>\n<p><img loading=\"lazy\" decoding=\"async\" class=\"aligncenter size-full wp-image-21270\" src=\"https:\/\/agora.xtec.cat\/esc-renaixencahostalets\/wp-content\/uploads\/usu1823\/2024\/11\/jocs-trad.png\" alt=\"\" width=\"1016\" height=\"706\" srcset=\"https:\/\/agora.xtec.cat\/esc-renaixencahostalets\/wp-content\/uploads\/usu1823\/2024\/11\/jocs-trad.png 1016w, https:\/\/agora.xtec.cat\/esc-renaixencahostalets\/wp-content\/uploads\/usu1823\/2024\/11\/jocs-trad-300x208.png 300w, https:\/\/agora.xtec.cat\/esc-renaixencahostalets\/wp-content\/uploads\/usu1823\/2024\/11\/jocs-trad-768x534.png 768w\" sizes=\"auto, (max-width: 1016px) 100vw, 1016px\" \/><\/p>\n<p><span style=\"font-family: inherit; font-size: 1em;\">L&#8217;alumnat de l&#8217;ESO no va poder fer la sortida a Montserrat, per\u00f2 van gaudir d&#8217;una tarda l\u00fadica i tamb\u00e9 van menjar castanyes.\u00a0<\/span><\/p>\n<p>Tota aquesta festivitat no s&#8217;hauria dut a terme sense la col\u00b7laboraci\u00f3 de diverses persones i organismes. L&#8217;IE Renaixen\u00e7a dona les gr\u00e0cies a les castanyeres per oferir-se volunt\u00e0ries a col\u00b7laborar, a l&#8217;AFA per les castanyes, al Consell Esportiu de l&#8217;Anoia per les bitlles catalanes i a l&#8217;Ajuntament dels Hostalets de Pierola per l&#8217;equip de so.<\/p>\n","protected":false},"excerpt":{"rendered":"<p>L&#8217;alumnat de l&#8217;IE Renaixen\u00e7a va fer activitats ben diverses el 31 d&#8217;octubre per celebrar la Castanyada. &hellip;  <a href=\"https:\/\/agora.xtec.cat\/esc-renaixencahostalets\/general\/la-castanyada-a-lie-renaixenca\/\" title=\"Read La castanyada a l&#8217;IE Renaixen\u00e7a\">Llegeix m\u00e9s\u00bb<\/a><\/p>\n","protected":false},"author":26,"featured_media":21272,"comment_status":"closed","ping_status":"closed","sticky":false,"template":"","format":"standard","meta":{"_bbp_topic_count":0,"_bbp_reply_count":0,"_bbp_total_topic_count":0,"_bbp_total_reply_count":0,"_bbp_voice_count":0,"_bbp_anonymous_reply_count":0,"_bbp_topic_count_hidden":0,"_bbp_reply_count_hidden":0,"_bbp_forum_subforum_count":0,"footnotes":""},"categories":[154,1],"tags":[],"class_list":["post-21269","post","type-post","status-publish","format-standard","has-post-thumbnail","hentry","category-educacio-fisica","category-general"],"post_mailing_queue_ids":[],"_links":{"self":[{"href":"https:\/\/agora.xtec.cat\/esc-renaixencahostalets\/wp-json\/wp\/v2\/posts\/21269","targetHints":{"allow":["GET"]}}],"collection":[{"href":"https:\/\/agora.xtec.cat\/esc-renaixencahostalets\/wp-json\/wp\/v2\/posts"}],"about":[{"href":"https:\/\/agora.xtec.cat\/esc-renaixencahostalets\/wp-json\/wp\/v2\/types\/post"}],"author":[{"embeddable":true,"href":"https:\/\/agora.xtec.cat\/esc-renaixencahostalets\/wp-json\/wp\/v2\/users\/26"}],"replies":[{"embeddable":true,"href":"https:\/\/agora.xtec.cat\/esc-renaixencahostalets\/wp-json\/wp\/v2\/comments?post=21269"}],"version-history":[{"count":2,"href":"https:\/\/agora.xtec.cat\/esc-renaixencahostalets\/wp-json\/wp\/v2\/posts\/21269\/revisions"}],"predecessor-version":[{"id":21274,"href":"https:\/\/agora.xtec.cat\/esc-renaixencahostalets\/wp-json\/wp\/v2\/posts\/21269\/revisions\/21274"}],"wp:featuredmedia":[{"embeddable":true,"href":"https:\/\/agora.xtec.cat\/esc-renaixencahostalets\/wp-json\/wp\/v2\/media\/21272"}],"wp:attachment":[{"href":"https:\/\/agora.xtec.cat\/esc-renaixencahostalets\/wp-json\/wp\/v2\/media?parent=21269"}],"wp:term":[{"taxonomy":"category","embeddable":true,"href":"https:\/\/agora.xtec.cat\/esc-renaixencahostalets\/wp-json\/wp\/v2\/categories?post=21269"},{"taxonomy":"post_tag","embeddable":true,"href":"https:\/\/agora.xtec.cat\/esc-renaixencahostalets\/wp-json\/wp\/v2\/tags?post=21269"}],"curies":[{"name":"wp","href":"https:\/\/api.w.org\/{rel}","templated":true}]}}