{"id":21177,"date":"2024-06-06T09:17:38","date_gmt":"2024-06-06T07:17:38","guid":{"rendered":"https:\/\/agora.xtec.cat\/esc-renaixencahostalets\/?p=21177"},"modified":"2024-06-06T09:17:38","modified_gmt":"2024-06-06T07:17:38","slug":"taller-del-camp-a-lescola-educacio-infantil","status":"publish","type":"post","link":"https:\/\/agora.xtec.cat\/esc-renaixencahostalets\/general\/taller-del-camp-a-lescola-educacio-infantil\/","title":{"rendered":"TALLER: DEL CAMP A L&#8217;ESCOLA (EDUCACI\u00d3 INFANTIL)"},"content":{"rendered":"<p>El divendres 31 de maig l&#8217;alumnat d&#8217;I3, I4 i I5 han pogut gaudir d&#8217;un taller anomenat &#8220;DEL CAMP A L&#8217;ESCOLA&#8221;.<\/p>\n<p>Aquest taller est\u00e0 subvencionat i impulsat pel Departament d\u2019Acci\u00f3 Clim\u00e0tica, Alimentaci\u00f3 i Agenda rural de la Generalitat de Catalunya, dins del Programa Escolar de fruites, hortalisses i llet, GUST PER LA SALUT! A banda de rebre de manera mensual fruita de temporada per esmorzar, tamb\u00e9 ofereixen tallers presencials on expliquen activitats de salut i que ajuden a millorar els h\u00e0bits dels infants.<\/p>\n<p>En aquesta ocasi\u00f3 hem pogut gaudir d&#8217;un taller on han explicat el seg\u00fcent:<\/p>\n<p>&#8211; El circuit de la fruita: d&#8217;en\u00e7\u00e0 que s&#8217;agafa de l&#8217;hort, com arriba als magatzems, d&#8217;all\u00e0 a les botigues i finalment es compra per poder gaudir d&#8217;ella a casa.<\/p>\n<p>&#8211; Despr\u00e9s han fet una s\u00e8rie de trencaclosques de: tractors, grangers, vaques, etc.<\/p>\n<p>&#8211; I han acabat fent un tast de poma, pastanaga i llet.<\/p>\n<p>Els infants s&#8217;han mostrat molt interessants i atents en aquest tema.<\/p>\n<p><img loading=\"lazy\" decoding=\"async\" class=\"aligncenter\" src=\"https:\/\/agora.xtec.cat\/esc-renaixencahostalets\/wp-content\/uploads\/usu1823\/2024\/06\/WhatsApp-Image-2024-05-31-at-09.18.03-Jessica-Biel.jpeg\" width=\"459\" height=\"344\" \/><\/p>\n","protected":false},"excerpt":{"rendered":"<p>El divendres 31 de maig l&#8217;alumnat d&#8217;I3, I4 i I5 han pogut gaudir d&#8217;un taller anomenat &#8220;DEL CAMP A L&#8217;ESCOLA&#8221;.<br \/>\nAquest taller est\u00e0 subvencionat i impulsat pel Departament d\u2019Acci\u00f3 Clim\u00e0tica, Alimentaci\u00f3 i Agenda rural de la Generalitat de Catalunya, dins del Programa Escolar de fruites, hortalisses&hellip;  <a href=\"https:\/\/agora.xtec.cat\/esc-renaixencahostalets\/general\/taller-del-camp-a-lescola-educacio-infantil\/\" title=\"Read TALLER: DEL CAMP A L&#8217;ESCOLA (EDUCACI\u00d3 INFANTIL)\">Llegeix m\u00e9s\u00bb<\/a><\/p>\n","protected":false},"author":13,"featured_media":21178,"comment_status":"open","ping_status":"closed","sticky":false,"template":"","format":"standard","meta":{"_bbp_topic_count":0,"_bbp_reply_count":0,"_bbp_total_topic_count":0,"_bbp_total_reply_count":0,"_bbp_voice_count":0,"_bbp_anonymous_reply_count":0,"_bbp_topic_count_hidden":0,"_bbp_reply_count_hidden":0,"_bbp_forum_subforum_count":0,"footnotes":""},"categories":[1,3,8,9,159,160,172],"tags":[],"class_list":["post-21177","post","type-post","status-publish","format-standard","has-post-thumbnail","hentry","category-general","category-i3","category-i4","category-i5","category-promocio-2021","category-promocio-2022","category-promocio-2023-promocions"],"post_mailing_queue_ids":[],"_links":{"self":[{"href":"https:\/\/agora.xtec.cat\/esc-renaixencahostalets\/wp-json\/wp\/v2\/posts\/21177","targetHints":{"allow":["GET"]}}],"collection":[{"href":"https:\/\/agora.xtec.cat\/esc-renaixencahostalets\/wp-json\/wp\/v2\/posts"}],"about":[{"href":"https:\/\/agora.xtec.cat\/esc-renaixencahostalets\/wp-json\/wp\/v2\/types\/post"}],"author":[{"embeddable":true,"href":"https:\/\/agora.xtec.cat\/esc-renaixencahostalets\/wp-json\/wp\/v2\/users\/13"}],"replies":[{"embeddable":true,"href":"https:\/\/agora.xtec.cat\/esc-renaixencahostalets\/wp-json\/wp\/v2\/comments?post=21177"}],"version-history":[{"count":1,"href":"https:\/\/agora.xtec.cat\/esc-renaixencahostalets\/wp-json\/wp\/v2\/posts\/21177\/revisions"}],"predecessor-version":[{"id":21179,"href":"https:\/\/agora.xtec.cat\/esc-renaixencahostalets\/wp-json\/wp\/v2\/posts\/21177\/revisions\/21179"}],"wp:featuredmedia":[{"embeddable":true,"href":"https:\/\/agora.xtec.cat\/esc-renaixencahostalets\/wp-json\/wp\/v2\/media\/21178"}],"wp:attachment":[{"href":"https:\/\/agora.xtec.cat\/esc-renaixencahostalets\/wp-json\/wp\/v2\/media?parent=21177"}],"wp:term":[{"taxonomy":"category","embeddable":true,"href":"https:\/\/agora.xtec.cat\/esc-renaixencahostalets\/wp-json\/wp\/v2\/categories?post=21177"},{"taxonomy":"post_tag","embeddable":true,"href":"https:\/\/agora.xtec.cat\/esc-renaixencahostalets\/wp-json\/wp\/v2\/tags?post=21177"}],"curies":[{"name":"wp","href":"https:\/\/api.w.org\/{rel}","templated":true}]}}