{"id":21174,"date":"2024-06-06T09:15:37","date_gmt":"2024-06-06T07:15:37","guid":{"rendered":"https:\/\/agora.xtec.cat\/esc-renaixencahostalets\/?p=21174"},"modified":"2024-06-06T09:15:37","modified_gmt":"2024-06-06T07:15:37","slug":"iniciatives-per-els-hostalets-de-pierola","status":"publish","type":"post","link":"https:\/\/agora.xtec.cat\/esc-renaixencahostalets\/general\/iniciatives-per-els-hostalets-de-pierola\/","title":{"rendered":"INICIATIVES PER ELS HOSTALETS DE PIEROLA"},"content":{"rendered":"<p>El dijous 30 de maig, l&#8217;alumnat de 6\u00e8 va posar punt i final al projecte d&#8217;hist\u00f2ria i pol\u00edtica en el qual hem estat treballant al llarg d&#8217;aquests mesos. El punt i final va consistir en una simulaci\u00f3 de ple de l&#8217;ajuntament en el qual els diferents partits pol\u00edtics formats amb l&#8217;alumnat de l&#8217;aula van poder presentar i compartir les diferents iniciatives que hav\u00eden estat elaborant, basades en els ODS (Objectius de Desenvolupament Sostenible) i pensades per millorar diferents aspectes del propi poble.<\/p>\n<p>Per a fer-ho, vam convidar l&#8217;alcalde dels Hostalets de Pierola, qui va poder analitzar i valorar les diferents propostes i traslladar-les a l&#8217;ajuntament per tal de poder tenir en compte la veu dels infants del municipi.<\/p>\n<p>Una gran feinada amb un gran resultat!<\/p>\n<p><img loading=\"lazy\" decoding=\"async\" class=\"aligncenter\" src=\"https:\/\/agora.xtec.cat\/esc-renaixencahostalets\/wp-content\/uploads\/usu1823\/2024\/06\/VIDA-TERRESTRE-Ariadna-Claravall.jpg\" width=\"283\" height=\"159\" \/><\/p>\n","protected":false},"excerpt":{"rendered":"<p>El dijous 30 de maig, l&#8217;alumnat de 6\u00e8 va posar punt i final al projecte d&#8217;hist\u00f2ria i pol\u00edtica en el qual hem estat treballant al llarg d&#8217;aquests mesos. El punt i final va consistir en una simulaci\u00f3 de ple de l&#8217;ajuntament en el qual els&hellip;  <a href=\"https:\/\/agora.xtec.cat\/esc-renaixencahostalets\/general\/iniciatives-per-els-hostalets-de-pierola\/\" title=\"Read INICIATIVES PER ELS HOSTALETS DE PIEROLA\">Llegeix m\u00e9s\u00bb<\/a><\/p>\n","protected":false},"author":13,"featured_media":21175,"comment_status":"open","ping_status":"closed","sticky":false,"template":"","format":"standard","meta":{"_bbp_topic_count":0,"_bbp_reply_count":0,"_bbp_total_topic_count":0,"_bbp_total_reply_count":0,"_bbp_voice_count":0,"_bbp_anonymous_reply_count":0,"_bbp_topic_count_hidden":0,"_bbp_reply_count_hidden":0,"_bbp_forum_subforum_count":0,"footnotes":""},"categories":[15,1,122],"tags":[],"class_list":["post-21174","post","type-post","status-publish","format-standard","has-post-thumbnail","hentry","category-6e","category-general","category-122"],"post_mailing_queue_ids":[],"_links":{"self":[{"href":"https:\/\/agora.xtec.cat\/esc-renaixencahostalets\/wp-json\/wp\/v2\/posts\/21174","targetHints":{"allow":["GET"]}}],"collection":[{"href":"https:\/\/agora.xtec.cat\/esc-renaixencahostalets\/wp-json\/wp\/v2\/posts"}],"about":[{"href":"https:\/\/agora.xtec.cat\/esc-renaixencahostalets\/wp-json\/wp\/v2\/types\/post"}],"author":[{"embeddable":true,"href":"https:\/\/agora.xtec.cat\/esc-renaixencahostalets\/wp-json\/wp\/v2\/users\/13"}],"replies":[{"embeddable":true,"href":"https:\/\/agora.xtec.cat\/esc-renaixencahostalets\/wp-json\/wp\/v2\/comments?post=21174"}],"version-history":[{"count":1,"href":"https:\/\/agora.xtec.cat\/esc-renaixencahostalets\/wp-json\/wp\/v2\/posts\/21174\/revisions"}],"predecessor-version":[{"id":21176,"href":"https:\/\/agora.xtec.cat\/esc-renaixencahostalets\/wp-json\/wp\/v2\/posts\/21174\/revisions\/21176"}],"wp:featuredmedia":[{"embeddable":true,"href":"https:\/\/agora.xtec.cat\/esc-renaixencahostalets\/wp-json\/wp\/v2\/media\/21175"}],"wp:attachment":[{"href":"https:\/\/agora.xtec.cat\/esc-renaixencahostalets\/wp-json\/wp\/v2\/media?parent=21174"}],"wp:term":[{"taxonomy":"category","embeddable":true,"href":"https:\/\/agora.xtec.cat\/esc-renaixencahostalets\/wp-json\/wp\/v2\/categories?post=21174"},{"taxonomy":"post_tag","embeddable":true,"href":"https:\/\/agora.xtec.cat\/esc-renaixencahostalets\/wp-json\/wp\/v2\/tags?post=21174"}],"curies":[{"name":"wp","href":"https:\/\/api.w.org\/{rel}","templated":true}]}}