{"id":21162,"date":"2024-05-23T09:34:14","date_gmt":"2024-05-23T07:34:14","guid":{"rendered":"https:\/\/agora.xtec.cat\/esc-renaixencahostalets\/?p=21162"},"modified":"2024-11-01T09:07:33","modified_gmt":"2024-11-01T08:07:33","slug":"falcons-a-3r","status":"publish","type":"post","link":"https:\/\/agora.xtec.cat\/esc-renaixencahostalets\/general\/falcons-a-3r\/","title":{"rendered":"Falcons 3r"},"content":{"rendered":"<p>El dimarts 21 de maig l&#8217;alumnat va fer l&#8217;actuaci\u00f3 de falcons que van practicar a educaci\u00f3 f\u00edsica, amb la col\u00b7laboraci\u00f3 dels Falcons de Piera.<\/p>\n<p>Van fer 3 figures diferents i van quedar genial!<\/p>\n<p><img loading=\"lazy\" decoding=\"async\" class=\"aligncenter\" src=\"https:\/\/agora.xtec.cat\/esc-renaixencahostalets\/wp-content\/uploads\/usu1823\/2024\/05\/IMG20240521160733-Marta-Diaz-scaled.jpg\" width=\"353\" height=\"265\" \/><\/p>\n","protected":false},"excerpt":{"rendered":"<p>El dimarts 21 de maig l&#8217;alumnat va fer l&#8217;actuaci\u00f3 de falcons que van practicar a educaci\u00f3 f\u00edsica, amb la col\u00b7laboraci\u00f3 dels Falcons de Piera.<br \/>\nVan fer 3 figures diferents i van quedar genial!<\/p>\n","protected":false},"author":13,"featured_media":21163,"comment_status":"open","ping_status":"closed","sticky":false,"template":"","format":"standard","meta":{"_bbp_topic_count":0,"_bbp_reply_count":0,"_bbp_total_topic_count":0,"_bbp_total_reply_count":0,"_bbp_voice_count":0,"_bbp_anonymous_reply_count":0,"_bbp_topic_count_hidden":0,"_bbp_reply_count_hidden":0,"_bbp_forum_subforum_count":0,"footnotes":""},"categories":[12,154,1,127],"tags":[],"class_list":["post-21162","post","type-post","status-publish","format-standard","has-post-thumbnail","hentry","category-3r","category-educacio-fisica","category-general","category-127"],"post_mailing_queue_ids":[],"_links":{"self":[{"href":"https:\/\/agora.xtec.cat\/esc-renaixencahostalets\/wp-json\/wp\/v2\/posts\/21162","targetHints":{"allow":["GET"]}}],"collection":[{"href":"https:\/\/agora.xtec.cat\/esc-renaixencahostalets\/wp-json\/wp\/v2\/posts"}],"about":[{"href":"https:\/\/agora.xtec.cat\/esc-renaixencahostalets\/wp-json\/wp\/v2\/types\/post"}],"author":[{"embeddable":true,"href":"https:\/\/agora.xtec.cat\/esc-renaixencahostalets\/wp-json\/wp\/v2\/users\/13"}],"replies":[{"embeddable":true,"href":"https:\/\/agora.xtec.cat\/esc-renaixencahostalets\/wp-json\/wp\/v2\/comments?post=21162"}],"version-history":[{"count":2,"href":"https:\/\/agora.xtec.cat\/esc-renaixencahostalets\/wp-json\/wp\/v2\/posts\/21162\/revisions"}],"predecessor-version":[{"id":21268,"href":"https:\/\/agora.xtec.cat\/esc-renaixencahostalets\/wp-json\/wp\/v2\/posts\/21162\/revisions\/21268"}],"wp:featuredmedia":[{"embeddable":true,"href":"https:\/\/agora.xtec.cat\/esc-renaixencahostalets\/wp-json\/wp\/v2\/media\/21163"}],"wp:attachment":[{"href":"https:\/\/agora.xtec.cat\/esc-renaixencahostalets\/wp-json\/wp\/v2\/media?parent=21162"}],"wp:term":[{"taxonomy":"category","embeddable":true,"href":"https:\/\/agora.xtec.cat\/esc-renaixencahostalets\/wp-json\/wp\/v2\/categories?post=21162"},{"taxonomy":"post_tag","embeddable":true,"href":"https:\/\/agora.xtec.cat\/esc-renaixencahostalets\/wp-json\/wp\/v2\/tags?post=21162"}],"curies":[{"name":"wp","href":"https:\/\/api.w.org\/{rel}","templated":true}]}}