{"id":21159,"date":"2024-05-23T09:30:50","date_gmt":"2024-05-23T07:30:50","guid":{"rendered":"https:\/\/agora.xtec.cat\/esc-renaixencahostalets\/?p=21159"},"modified":"2024-05-23T09:30:50","modified_gmt":"2024-05-23T07:30:50","slug":"mostra-de-primavera-infantil-i-primaria","status":"publish","type":"post","link":"https:\/\/agora.xtec.cat\/esc-renaixencahostalets\/general\/mostra-de-primavera-infantil-i-primaria\/","title":{"rendered":"MOSTRA DE PRIMAVERA (INFANTIL I PRIM\u00c0RIA)"},"content":{"rendered":"<p>El dimarts 21 de maig hem realitzat una nova edici\u00f3 de la Mostra de Primavera (Educaci\u00f3 Infantil i prim\u00e0ria) que ja fa uns anys que es fa al centre.<\/p>\n<p>Aquesta Mostra consisteix en el fet que una tarda obrim les portes a les fam\u00edlies del centre perqu\u00e8 puguin entrar i veure tot el que es fa al centre amb l&#8217;explicaci\u00f3 dels seus fills\/es. Les fam\u00edlies poden anar a les classes i espais que m\u00e9s els interessin.<\/p>\n<p>Durant aquesta estona han pogut veure com es treballa al centre:<\/p>\n<p>&#8211; Racons, ambients, petites hist\u00f2ries a Educaci\u00f3 Infantil.<\/p>\n<p>&#8211; Projectes, racons i Innovamat a Cicle Inicial.<\/p>\n<p>&#8211; Projectes i reptes a Cicle Mitj\u00e0.<\/p>\n<p>&#8211; Projectes a Cicle Superior.<\/p>\n<p>Aprofitant la data l&#8217;alumnat de 5\u00e8 han pogut vendre els productes que han estat creant durant els \u00faltims mesos amb relaci\u00f3 al projecte CUEME (Projecte d&#8217;emprenedoria que es realitza a l&#8217;aula, i on es crea una cooperativa).<\/p>\n<p>Les fam\u00edlies han pogut gaudir d&#8217;aquesta proposta del centre!<\/p>\n<p><img decoding=\"async\" class=\"aligncenter\" src=\"https:\/\/agora.xtec.cat\/esc-renaixencahostalets\/wp-content\/uploads\/usu1823\/2024\/05\/ierenaixenca-300x153-Jessica-Biel.jpg\" \/><\/p>\n","protected":false},"excerpt":{"rendered":"<p>El dimarts 21 de maig hem realitzat una nova edici\u00f3 de la Mostra de Primavera (Educaci\u00f3 Infantil i prim\u00e0ria) que ja fa uns anys que es fa al centre.<br \/>\nAquesta Mostra consisteix en el fet que una tarda obrim les portes a les fam\u00edlies del centre&hellip;  <a href=\"https:\/\/agora.xtec.cat\/esc-renaixencahostalets\/general\/mostra-de-primavera-infantil-i-primaria\/\" title=\"Read MOSTRA DE PRIMAVERA (INFANTIL I PRIM\u00c0RIA)\">Llegeix m\u00e9s\u00bb<\/a><\/p>\n","protected":false},"author":13,"featured_media":21160,"comment_status":"open","ping_status":"closed","sticky":false,"template":"","format":"standard","meta":{"_bbp_topic_count":0,"_bbp_reply_count":0,"_bbp_total_topic_count":0,"_bbp_total_reply_count":0,"_bbp_voice_count":0,"_bbp_anonymous_reply_count":0,"_bbp_topic_count_hidden":0,"_bbp_reply_count_hidden":0,"_bbp_forum_subforum_count":0,"footnotes":""},"categories":[10,11,12,13,14,15,1,3,8,9,122,125,126,127,128,152,159,160,172],"tags":[],"class_list":["post-21159","post","type-post","status-publish","format-standard","has-post-thumbnail","hentry","category-1r","category-2n","category-3r","category-4t","category-5e","category-6e","category-general","category-i3","category-i4","category-i5","category-122","category-125","category-126","category-127","category-128","category-152","category-promocio-2021","category-promocio-2022","category-promocio-2023-promocions"],"post_mailing_queue_ids":[],"_links":{"self":[{"href":"https:\/\/agora.xtec.cat\/esc-renaixencahostalets\/wp-json\/wp\/v2\/posts\/21159","targetHints":{"allow":["GET"]}}],"collection":[{"href":"https:\/\/agora.xtec.cat\/esc-renaixencahostalets\/wp-json\/wp\/v2\/posts"}],"about":[{"href":"https:\/\/agora.xtec.cat\/esc-renaixencahostalets\/wp-json\/wp\/v2\/types\/post"}],"author":[{"embeddable":true,"href":"https:\/\/agora.xtec.cat\/esc-renaixencahostalets\/wp-json\/wp\/v2\/users\/13"}],"replies":[{"embeddable":true,"href":"https:\/\/agora.xtec.cat\/esc-renaixencahostalets\/wp-json\/wp\/v2\/comments?post=21159"}],"version-history":[{"count":1,"href":"https:\/\/agora.xtec.cat\/esc-renaixencahostalets\/wp-json\/wp\/v2\/posts\/21159\/revisions"}],"predecessor-version":[{"id":21161,"href":"https:\/\/agora.xtec.cat\/esc-renaixencahostalets\/wp-json\/wp\/v2\/posts\/21159\/revisions\/21161"}],"wp:featuredmedia":[{"embeddable":true,"href":"https:\/\/agora.xtec.cat\/esc-renaixencahostalets\/wp-json\/wp\/v2\/media\/21160"}],"wp:attachment":[{"href":"https:\/\/agora.xtec.cat\/esc-renaixencahostalets\/wp-json\/wp\/v2\/media?parent=21159"}],"wp:term":[{"taxonomy":"category","embeddable":true,"href":"https:\/\/agora.xtec.cat\/esc-renaixencahostalets\/wp-json\/wp\/v2\/categories?post=21159"},{"taxonomy":"post_tag","embeddable":true,"href":"https:\/\/agora.xtec.cat\/esc-renaixencahostalets\/wp-json\/wp\/v2\/tags?post=21159"}],"curies":[{"name":"wp","href":"https:\/\/api.w.org\/{rel}","templated":true}]}}