{"id":21136,"date":"2024-05-01T22:08:35","date_gmt":"2024-05-01T20:08:35","guid":{"rendered":"https:\/\/agora.xtec.cat\/esc-renaixencahostalets\/?p=21136"},"modified":"2024-05-01T22:08:35","modified_gmt":"2024-05-01T20:08:35","slug":"educacio-infantil-va-dexcursio-a-cases-blanques","status":"publish","type":"post","link":"https:\/\/agora.xtec.cat\/esc-renaixencahostalets\/general\/educacio-infantil-va-dexcursio-a-cases-blanques\/","title":{"rendered":"EDUCACI\u00d3 INFANTIL VA D&#8217;EXCURSI\u00d3 A CASES BLANQUES!!!"},"content":{"rendered":"<p>El passat divendres 26 d&#8217;abril l&#8217;alumnat d&#8217;Educaci\u00f3 Infantil va fer la sortida del 3r trimestre. A les 9&#8217;00h vam agaf<span style=\"font-family: inherit; font-size: 1em;\">ar l&#8217;autocar i vam arribar a fins a Avinyonet del Pened\u00e8s, a la Masia de Cases Blanques espai Ecosostenible. L&#8217;equip de monitors i monitores ens esperaven per fer-nos passar una jornada a la natura, vam fer tot d&#8217;activitats relacionades amb les sensacions que ens pot oferir el\u00a0<\/span>bosc: vam fer camins sensorials, cercles de silenci, buscar elements de la natura, fer mandales amb pinyes i pedres, etc. Va ser un dia molt bonic, ja que a m\u00e9s a m\u00e9s de compartir tot tipus d&#8217;activitats amb els nostres companys\/es de cicle vam poder gaudir a l&#8217;aire lliure de tot el que ens pot oferir el bosc.<\/p>\n<p><img loading=\"lazy\" decoding=\"async\" class=\"alignnone aligncenter\" src=\"https:\/\/agora.xtec.cat\/esc-renaixencahostalets\/wp-content\/uploads\/usu1823\/2024\/05\/68a4d758-48db-45bd-b8d3-a078e00fbf38-Jessica-Biel.jpeg\" width=\"164\" height=\"218\" \/><\/p>\n","protected":false},"excerpt":{"rendered":"<p>El passat divendres 26 d&#8217;abril l&#8217;alumnat d&#8217;Educaci\u00f3 Infantil va fer la sortida del 3r trimestre. A les 9&#8217;00h vam agafar l&#8217;autocar i vam arribar a fins a Avinyonet del Pened\u00e8s, a la Masia de Cases Blanques espai Ecosostenible. L&#8217;equip de monitors i monitores ens esperaven&hellip;  <a href=\"https:\/\/agora.xtec.cat\/esc-renaixencahostalets\/general\/educacio-infantil-va-dexcursio-a-cases-blanques\/\" title=\"Read EDUCACI\u00d3 INFANTIL VA D&#8217;EXCURSI\u00d3 A CASES BLANQUES!!!\">Llegeix m\u00e9s\u00bb<\/a><\/p>\n","protected":false},"author":13,"featured_media":21137,"comment_status":"open","ping_status":"closed","sticky":false,"template":"","format":"standard","meta":{"_bbp_topic_count":0,"_bbp_reply_count":0,"_bbp_total_topic_count":0,"_bbp_total_reply_count":0,"_bbp_voice_count":0,"_bbp_anonymous_reply_count":0,"_bbp_topic_count_hidden":0,"_bbp_reply_count_hidden":0,"_bbp_forum_subforum_count":0,"footnotes":""},"categories":[1,3,8,9,159,160,172],"tags":[],"class_list":["post-21136","post","type-post","status-publish","format-standard","has-post-thumbnail","hentry","category-general","category-i3","category-i4","category-i5","category-promocio-2021","category-promocio-2022","category-promocio-2023-promocions"],"post_mailing_queue_ids":[],"_links":{"self":[{"href":"https:\/\/agora.xtec.cat\/esc-renaixencahostalets\/wp-json\/wp\/v2\/posts\/21136","targetHints":{"allow":["GET"]}}],"collection":[{"href":"https:\/\/agora.xtec.cat\/esc-renaixencahostalets\/wp-json\/wp\/v2\/posts"}],"about":[{"href":"https:\/\/agora.xtec.cat\/esc-renaixencahostalets\/wp-json\/wp\/v2\/types\/post"}],"author":[{"embeddable":true,"href":"https:\/\/agora.xtec.cat\/esc-renaixencahostalets\/wp-json\/wp\/v2\/users\/13"}],"replies":[{"embeddable":true,"href":"https:\/\/agora.xtec.cat\/esc-renaixencahostalets\/wp-json\/wp\/v2\/comments?post=21136"}],"version-history":[{"count":1,"href":"https:\/\/agora.xtec.cat\/esc-renaixencahostalets\/wp-json\/wp\/v2\/posts\/21136\/revisions"}],"predecessor-version":[{"id":21138,"href":"https:\/\/agora.xtec.cat\/esc-renaixencahostalets\/wp-json\/wp\/v2\/posts\/21136\/revisions\/21138"}],"wp:featuredmedia":[{"embeddable":true,"href":"https:\/\/agora.xtec.cat\/esc-renaixencahostalets\/wp-json\/wp\/v2\/media\/21137"}],"wp:attachment":[{"href":"https:\/\/agora.xtec.cat\/esc-renaixencahostalets\/wp-json\/wp\/v2\/media?parent=21136"}],"wp:term":[{"taxonomy":"category","embeddable":true,"href":"https:\/\/agora.xtec.cat\/esc-renaixencahostalets\/wp-json\/wp\/v2\/categories?post=21136"},{"taxonomy":"post_tag","embeddable":true,"href":"https:\/\/agora.xtec.cat\/esc-renaixencahostalets\/wp-json\/wp\/v2\/tags?post=21136"}],"curies":[{"name":"wp","href":"https:\/\/api.w.org\/{rel}","templated":true}]}}