{"id":21120,"date":"2024-04-18T09:07:32","date_gmt":"2024-04-18T07:07:32","guid":{"rendered":"https:\/\/agora.xtec.cat\/esc-renaixencahostalets\/?p=21120"},"modified":"2024-04-18T09:07:32","modified_gmt":"2024-04-18T07:07:32","slug":"fem-sabo-a-green-cosmetics","status":"publish","type":"post","link":"https:\/\/agora.xtec.cat\/esc-renaixencahostalets\/general\/fem-sabo-a-green-cosmetics\/","title":{"rendered":"FEM SAB\u00d3 A GREEN COSM\u00c8TICS"},"content":{"rendered":"<p>El passat dilluns 11 de mar\u00e7 els alumnes de 2n i 3r d&#8217;ESO del taller de Green Cosm\u00e8tics van elaborar pastilles de sab\u00f3 artesanals amb l&#8217;acompanyament de la Sonsoles Gallego (@sonsdeplanbio), fabricant de cosm\u00e8tica natural i ecol\u00f2gica certificada. \u00c9s el primer d&#8217;un grup de cosm\u00e8tics ecol\u00f2gics que elaborarem i que els alumnes del taller posaran a la venda durant el mes de maig a la FESTA DE LA PRIMAVERA. Us mantindrem informats.<\/p>\n<p><img loading=\"lazy\" decoding=\"async\" class=\"aligncenter\" src=\"https:\/\/agora.xtec.cat\/esc-renaixencahostalets\/wp-content\/uploads\/usu1823\/2024\/04\/WhatsApp-Image-2024-03-11-at-19.13.21-2-Marta-Carrascal-Riera.jpeg\" width=\"335\" height=\"251\" \/><\/p>\n","protected":false},"excerpt":{"rendered":"<p>El passat dilluns 11 de mar\u00e7 els alumnes de 2n i 3r d&#8217;ESO del taller de Green Cosm\u00e8tics van elaborar pastilles de sab\u00f3 artesanals amb l&#8217;acompanyament de la Sonsoles Gallego (@sonsdeplanbio), fabricant de cosm\u00e8tica natural i ecol\u00f2gica certificada. \u00c9s el primer d&#8217;un grup de cosm\u00e8tics&hellip;  <a href=\"https:\/\/agora.xtec.cat\/esc-renaixencahostalets\/general\/fem-sabo-a-green-cosmetics\/\" title=\"Read FEM SAB\u00d3 A GREEN COSM\u00c8TICS\">Llegeix m\u00e9s\u00bb<\/a><\/p>\n","protected":false},"author":13,"featured_media":21121,"comment_status":"open","ping_status":"closed","sticky":false,"template":"","format":"standard","meta":{"_bbp_topic_count":0,"_bbp_reply_count":0,"_bbp_total_topic_count":0,"_bbp_total_reply_count":0,"_bbp_voice_count":0,"_bbp_anonymous_reply_count":0,"_bbp_topic_count_hidden":0,"_bbp_reply_count_hidden":0,"_bbp_forum_subforum_count":0,"footnotes":""},"categories":[153,162,1],"tags":[],"class_list":["post-21120","post","type-post","status-publish","format-standard","has-post-thumbnail","hentry","category-2n-eso","category-3r-eso","category-general"],"post_mailing_queue_ids":[],"_links":{"self":[{"href":"https:\/\/agora.xtec.cat\/esc-renaixencahostalets\/wp-json\/wp\/v2\/posts\/21120","targetHints":{"allow":["GET"]}}],"collection":[{"href":"https:\/\/agora.xtec.cat\/esc-renaixencahostalets\/wp-json\/wp\/v2\/posts"}],"about":[{"href":"https:\/\/agora.xtec.cat\/esc-renaixencahostalets\/wp-json\/wp\/v2\/types\/post"}],"author":[{"embeddable":true,"href":"https:\/\/agora.xtec.cat\/esc-renaixencahostalets\/wp-json\/wp\/v2\/users\/13"}],"replies":[{"embeddable":true,"href":"https:\/\/agora.xtec.cat\/esc-renaixencahostalets\/wp-json\/wp\/v2\/comments?post=21120"}],"version-history":[{"count":1,"href":"https:\/\/agora.xtec.cat\/esc-renaixencahostalets\/wp-json\/wp\/v2\/posts\/21120\/revisions"}],"predecessor-version":[{"id":21122,"href":"https:\/\/agora.xtec.cat\/esc-renaixencahostalets\/wp-json\/wp\/v2\/posts\/21120\/revisions\/21122"}],"wp:featuredmedia":[{"embeddable":true,"href":"https:\/\/agora.xtec.cat\/esc-renaixencahostalets\/wp-json\/wp\/v2\/media\/21121"}],"wp:attachment":[{"href":"https:\/\/agora.xtec.cat\/esc-renaixencahostalets\/wp-json\/wp\/v2\/media?parent=21120"}],"wp:term":[{"taxonomy":"category","embeddable":true,"href":"https:\/\/agora.xtec.cat\/esc-renaixencahostalets\/wp-json\/wp\/v2\/categories?post=21120"},{"taxonomy":"post_tag","embeddable":true,"href":"https:\/\/agora.xtec.cat\/esc-renaixencahostalets\/wp-json\/wp\/v2\/tags?post=21120"}],"curies":[{"name":"wp","href":"https:\/\/api.w.org\/{rel}","templated":true}]}}