{"id":21092,"date":"2024-04-08T11:09:40","date_gmt":"2024-04-08T09:09:40","guid":{"rendered":"https:\/\/agora.xtec.cat\/esc-renaixencahostalets\/?p=21092"},"modified":"2024-05-23T09:16:16","modified_gmt":"2024-05-23T07:16:16","slug":"ajuts-individuals-de-menjador","status":"publish","type":"post","link":"https:\/\/agora.xtec.cat\/esc-renaixencahostalets\/general\/ajuts-individuals-de-menjador\/","title":{"rendered":"Ajuts individuals de menjador"},"content":{"rendered":"<p><img loading=\"lazy\" decoding=\"async\" class=\"alignnone wp-image-20728\" src=\"https:\/\/agora.xtec.cat\/esc-renaixencahostalets\/wp-content\/uploads\/usu1823\/2023\/05\/baixa.png\" alt=\"\" width=\"237\" height=\"83\" srcset=\"https:\/\/agora.xtec.cat\/esc-renaixencahostalets\/wp-content\/uploads\/usu1823\/2023\/05\/baixa.png 379w, https:\/\/agora.xtec.cat\/esc-renaixencahostalets\/wp-content\/uploads\/usu1823\/2023\/05\/baixa-300x105.png 300w\" sizes=\"auto, (max-width: 237px) 100vw, 237px\" \/><\/p>\n<div data-pm-slice=\"2 2 [&quot;divBlock&quot;,{},&quot;divBlock&quot;,{},&quot;divBlock&quot;,{}]\">\n<p>Benvolgudes fam\u00edlies,<\/p>\n<p>Us informem que s\u00b4obre el per\u00edode per demanar les <strong>ajudes de menjador pel curs 24-25<\/strong>.<\/p>\n<p><strong>Per\u00edode<\/strong>: del dia 8 d&#8217;abril fins el dia 5 de maig<\/p>\n<p><strong>On es tramiten?<\/strong>: Les sol\u00b7licituds s\u2019hauran de gestionar telem\u00e0ticament mitjan\u00e7ant el seg\u00fcent enlla\u00e7:\u00a0<a href=\"https:\/\/www.anoia.cat\/departaments\/ensenyament\/ajuts-individuals-de-menjador\/\">https:\/\/www.anoia.cat\/departaments\/ensenyament\/ajuts-individuals-de-menjador\/<\/a> <span style=\"font-family: inherit; font-size: 1em;\">on tamb\u00e9 hi ha la guia de tramitaci\u00f3.<\/span><\/p>\n<p><strong>Bases convocat\u00f2ria<\/strong>: <a href=\"https:\/\/agora.xtec.cat\/esc-renaixencahostalets\/wp-content\/uploads\/usu1823\/2024\/04\/BASES-AIM-CURS-2024-25.pdf\">BASES AIM CURS 2024-25<\/a><\/p>\n<p><strong>Altres observacions:<\/strong> Si ja la vau sol\u00b7licitar el curs passat, nom\u00e9s haureu de renovar-la, i si correspon, modificar-la per si hi ha hagut algun canvi (adre\u00e7a, naixement d\u2019un germ\u00e0, etc.). S\u00ed no l\u2019heu demanat en el curs 2023-24, haureu de procedir com a nova sol\u00b7licitud.<\/p>\n<p><strong>Compactaci\u00f3: <\/strong>Remarcar que en la sol\u00b7licitud per aquest curs 2024-25, com a novetat, la sol\u00b7licitud (tant les de renovaci\u00f3 com les noves) obligar\u00e0 a marcar els dies de compactaci\u00f3.<\/p>\n<p><strong>Tel\u00e8fon Consell Comarcal:<\/strong> Per resoldre dubtes sobre la tramitaci\u00f3 poden trucar al tel\u00e8fon 93 805 15 85 (extensi\u00f3 323-325).<\/p>\n<p><strong>Data resoluci\u00f3<\/strong>: Les resolucions es notificaran a primers de setembre del 2024<\/p>\n<p>&nbsp;<\/p>\n<\/div>\n<p>&nbsp;<\/p>\n","protected":false},"excerpt":{"rendered":"<p>Benvolgudes fam\u00edlies,<br \/>\nUs informem que s\u00b4obre el per\u00edode per demanar les ajudes de menjador pel curs 24-25.<br \/>\nPer\u00edode: del dia 8 d&#8217;abril fins el dia 5 de maig<br \/>\nOn es tramiten?: Les sol\u00b7licituds s\u2019hauran de gestionar telem\u00e0ticament mitjan\u00e7ant el seg\u00fcent enlla\u00e7:\u00a0<a href=\"https:\/\/www.anoia.cat\/departaments\/ensenyament\/ajuts-individuals-de-menjador\/\">https:\/\/www.anoia.cat\/departaments\/ensenyament\/ajuts-individuals-de-menjador\/<\/a> on tamb\u00e9 hi ha la guia&hellip;  <a href=\"https:\/\/agora.xtec.cat\/esc-renaixencahostalets\/general\/ajuts-individuals-de-menjador\/\" title=\"Read Ajuts individuals de menjador\">Llegeix m\u00e9s\u00bb<\/a><\/p>\n","protected":false},"author":5,"featured_media":21094,"comment_status":"closed","ping_status":"closed","sticky":false,"template":"","format":"standard","meta":{"_bbp_topic_count":0,"_bbp_reply_count":0,"_bbp_total_topic_count":0,"_bbp_total_reply_count":0,"_bbp_voice_count":0,"_bbp_anonymous_reply_count":0,"_bbp_topic_count_hidden":0,"_bbp_reply_count_hidden":0,"_bbp_forum_subforum_count":0,"footnotes":""},"categories":[104,1],"tags":[],"class_list":["post-21092","post","type-post","status-publish","format-standard","has-post-thumbnail","hentry","category-beques","category-general"],"post_mailing_queue_ids":[],"_links":{"self":[{"href":"https:\/\/agora.xtec.cat\/esc-renaixencahostalets\/wp-json\/wp\/v2\/posts\/21092","targetHints":{"allow":["GET"]}}],"collection":[{"href":"https:\/\/agora.xtec.cat\/esc-renaixencahostalets\/wp-json\/wp\/v2\/posts"}],"about":[{"href":"https:\/\/agora.xtec.cat\/esc-renaixencahostalets\/wp-json\/wp\/v2\/types\/post"}],"author":[{"embeddable":true,"href":"https:\/\/agora.xtec.cat\/esc-renaixencahostalets\/wp-json\/wp\/v2\/users\/5"}],"replies":[{"embeddable":true,"href":"https:\/\/agora.xtec.cat\/esc-renaixencahostalets\/wp-json\/wp\/v2\/comments?post=21092"}],"version-history":[{"count":2,"href":"https:\/\/agora.xtec.cat\/esc-renaixencahostalets\/wp-json\/wp\/v2\/posts\/21092\/revisions"}],"predecessor-version":[{"id":21096,"href":"https:\/\/agora.xtec.cat\/esc-renaixencahostalets\/wp-json\/wp\/v2\/posts\/21092\/revisions\/21096"}],"wp:featuredmedia":[{"embeddable":true,"href":"https:\/\/agora.xtec.cat\/esc-renaixencahostalets\/wp-json\/wp\/v2\/media\/21094"}],"wp:attachment":[{"href":"https:\/\/agora.xtec.cat\/esc-renaixencahostalets\/wp-json\/wp\/v2\/media?parent=21092"}],"wp:term":[{"taxonomy":"category","embeddable":true,"href":"https:\/\/agora.xtec.cat\/esc-renaixencahostalets\/wp-json\/wp\/v2\/categories?post=21092"},{"taxonomy":"post_tag","embeddable":true,"href":"https:\/\/agora.xtec.cat\/esc-renaixencahostalets\/wp-json\/wp\/v2\/tags?post=21092"}],"curies":[{"name":"wp","href":"https:\/\/api.w.org\/{rel}","templated":true}]}}