{"id":21061,"date":"2024-02-10T14:31:41","date_gmt":"2024-02-10T13:31:41","guid":{"rendered":"https:\/\/agora.xtec.cat\/esc-renaixencahostalets\/?p=21061"},"modified":"2024-02-10T14:32:53","modified_gmt":"2024-02-10T13:32:53","slug":"per-carnaval-tot-shi-val","status":"publish","type":"post","link":"https:\/\/agora.xtec.cat\/esc-renaixencahostalets\/general\/per-carnaval-tot-shi-val\/","title":{"rendered":"Per Carnaval tot s&#8217;hi val!!!!"},"content":{"rendered":"<p><img loading=\"lazy\" decoding=\"async\" class=\"alignnone wp-image-21063\" src=\"https:\/\/agora.xtec.cat\/esc-renaixencahostalets\/wp-content\/uploads\/usu1823\/2024\/02\/carnestoltes-dret.jpg\" alt=\"\" width=\"396\" height=\"528\" srcset=\"https:\/\/agora.xtec.cat\/esc-renaixencahostalets\/wp-content\/uploads\/usu1823\/2024\/02\/carnestoltes-dret.jpg 348w, https:\/\/agora.xtec.cat\/esc-renaixencahostalets\/wp-content\/uploads\/usu1823\/2024\/02\/carnestoltes-dret-225x300.jpg 225w\" sizes=\"auto, (max-width: 396px) 100vw, 396px\" \/><img loading=\"lazy\" decoding=\"async\" class=\"alignnone wp-image-21068\" style=\"font-family: inherit; font-size: 1em;\" src=\"https:\/\/agora.xtec.cat\/esc-renaixencahostalets\/wp-content\/uploads\/usu1823\/2024\/02\/pastissets.jpg\" alt=\"\" width=\"220\" height=\"390\" srcset=\"https:\/\/agora.xtec.cat\/esc-renaixencahostalets\/wp-content\/uploads\/usu1823\/2024\/02\/pastissets.jpg 282w, https:\/\/agora.xtec.cat\/esc-renaixencahostalets\/wp-content\/uploads\/usu1823\/2024\/02\/pastissets-169x300.jpg 169w\" sizes=\"auto, (max-width: 220px) 100vw, 220px\" \/><img loading=\"lazy\" decoding=\"async\" class=\"alignnone size-full wp-image-21062\" style=\"font-family: inherit; font-size: 1em;\" src=\"https:\/\/agora.xtec.cat\/esc-renaixencahostalets\/wp-content\/uploads\/usu1823\/2024\/02\/spiderman.jpg\" alt=\"\" width=\"342\" height=\"523\" srcset=\"https:\/\/agora.xtec.cat\/esc-renaixencahostalets\/wp-content\/uploads\/usu1823\/2024\/02\/spiderman.jpg 342w, https:\/\/agora.xtec.cat\/esc-renaixencahostalets\/wp-content\/uploads\/usu1823\/2024\/02\/spiderman-196x300.jpg 196w\" sizes=\"auto, (max-width: 342px) 100vw, 342px\" \/><img loading=\"lazy\" decoding=\"async\" class=\" wp-image-21064 alignright\" style=\"font-family: inherit; font-size: 1em;\" src=\"https:\/\/agora.xtec.cat\/esc-renaixencahostalets\/wp-content\/uploads\/usu1823\/2024\/02\/xaranga.jpg\" alt=\"\" width=\"322\" height=\"222\" srcset=\"https:\/\/agora.xtec.cat\/esc-renaixencahostalets\/wp-content\/uploads\/usu1823\/2024\/02\/xaranga.jpg 420w, https:\/\/agora.xtec.cat\/esc-renaixencahostalets\/wp-content\/uploads\/usu1823\/2024\/02\/xaranga-300x207.jpg 300w\" sizes=\"auto, (max-width: 322px) 100vw, 322px\" \/><img loading=\"lazy\" decoding=\"async\" class=\"wp-image-21067 alignleft\" style=\"font-family: inherit; font-size: 1em;\" src=\"https:\/\/agora.xtec.cat\/esc-renaixencahostalets\/wp-content\/uploads\/usu1823\/2024\/02\/votar.jpg\" alt=\"\" width=\"318\" height=\"219\" srcset=\"https:\/\/agora.xtec.cat\/esc-renaixencahostalets\/wp-content\/uploads\/usu1823\/2024\/02\/votar.jpg 379w, https:\/\/agora.xtec.cat\/esc-renaixencahostalets\/wp-content\/uploads\/usu1823\/2024\/02\/votar-300x207.jpg 300w\" sizes=\"auto, (max-width: 318px) 100vw, 318px\" \/><\/p>\n<p>&nbsp;<\/p>\n<p><span style=\"font-family: inherit; font-size: 1em;\">\u00a0<\/span><span style=\"font-family: inherit; font-size: 1em;\">\u00a0<\/span><\/p>\n<p>&nbsp;<\/p>\n<p>&nbsp;<\/p>\n<p>&nbsp;<\/p>\n<p>El passat divendres, l&#8217;alumnat de 6\u00e8 va ser l&#8217;encarregat de transmetre&#8217;ns, a trav\u00e9s d&#8217;unes coreografies, quines eren les consignes que ens proposava el Rei Carnestoltes: dur pijama, elements al cap, vestits d&#8217;esports, vestit amb pe\u00e7a de roba blanca o negre.<\/p>\n<p>El dijous llarder d&#8217;I3 a 6\u00e8 van fer una sortida als voltants del nostre poble, uns caminant i els m\u00e9s grans en bicicleta.<\/p>\n<p>Ahir divendres pel mat\u00ed va ser el Carnaval dels grans del centre. L&#8217;alumnat de l&#8217;ESO va participar d&#8217;uns tallers ben variats (cuina, ioga, balls, cinema\u2026), amb <span class=\"hiddenGrammarError\">una pica-pica<\/span> i esmorzar a c\u00e0rrec de l&#8217;AFA, i festa final al gimn\u00e0s on van exhibir diferents balls, amb un jurat de docents ben entregats a la labor!!! A la tarda, a la pista, la resta de l&#8217;alumnat va poder ballar d&#8217;all\u00f2 m\u00e9s gr\u00e0cies als seus companys que feien d&#8217;animadors i la Xaranga M\u00e0gic. En acabar, l&#8217;AFA va oferir berenar de coca i xocolata desfeta per tothom. La Xaranga M\u00e0gic va encap\u00e7alar la rua que portaria pels carrers del poble fins al teatre del Casal Catal\u00e0 on van poder continuar la festa.<\/p>\n","protected":false},"excerpt":{"rendered":"<p>&nbsp;<br \/>\n\u00a0\u00a0<br \/>\n&nbsp;<br \/>\n&nbsp;<br \/>\n&nbsp;<br \/>\nEl passat divendres, l&#8217;alumnat de 6\u00e8 va ser l&#8217;encarregat de transmetre&#8217;ns, a trav\u00e9s d&#8217;unes coreografies, quines eren les consignes que ens proposava el Rei Carnestoltes: dur pijama, elements al cap, vestits d&#8217;esports, vestit amb pe\u00e7a de roba blanca o negre.<br \/>\nEl dijous llarder d&#8217;I3 a 6\u00e8&hellip;  <a href=\"https:\/\/agora.xtec.cat\/esc-renaixencahostalets\/general\/per-carnaval-tot-shi-val\/\" title=\"Read Per Carnaval tot s&#8217;hi val!!!!\">Llegeix m\u00e9s\u00bb<\/a><\/p>\n","protected":false},"author":5,"featured_media":21063,"comment_status":"open","ping_status":"closed","sticky":false,"template":"","format":"standard","meta":{"_bbp_topic_count":0,"_bbp_reply_count":0,"_bbp_total_topic_count":0,"_bbp_total_reply_count":0,"_bbp_voice_count":0,"_bbp_anonymous_reply_count":0,"_bbp_topic_count_hidden":0,"_bbp_reply_count_hidden":0,"_bbp_forum_subforum_count":0,"footnotes":""},"categories":[1],"tags":[],"class_list":["post-21061","post","type-post","status-publish","format-standard","has-post-thumbnail","hentry","category-general"],"post_mailing_queue_ids":[],"_links":{"self":[{"href":"https:\/\/agora.xtec.cat\/esc-renaixencahostalets\/wp-json\/wp\/v2\/posts\/21061","targetHints":{"allow":["GET"]}}],"collection":[{"href":"https:\/\/agora.xtec.cat\/esc-renaixencahostalets\/wp-json\/wp\/v2\/posts"}],"about":[{"href":"https:\/\/agora.xtec.cat\/esc-renaixencahostalets\/wp-json\/wp\/v2\/types\/post"}],"author":[{"embeddable":true,"href":"https:\/\/agora.xtec.cat\/esc-renaixencahostalets\/wp-json\/wp\/v2\/users\/5"}],"replies":[{"embeddable":true,"href":"https:\/\/agora.xtec.cat\/esc-renaixencahostalets\/wp-json\/wp\/v2\/comments?post=21061"}],"version-history":[{"count":2,"href":"https:\/\/agora.xtec.cat\/esc-renaixencahostalets\/wp-json\/wp\/v2\/posts\/21061\/revisions"}],"predecessor-version":[{"id":21070,"href":"https:\/\/agora.xtec.cat\/esc-renaixencahostalets\/wp-json\/wp\/v2\/posts\/21061\/revisions\/21070"}],"wp:featuredmedia":[{"embeddable":true,"href":"https:\/\/agora.xtec.cat\/esc-renaixencahostalets\/wp-json\/wp\/v2\/media\/21063"}],"wp:attachment":[{"href":"https:\/\/agora.xtec.cat\/esc-renaixencahostalets\/wp-json\/wp\/v2\/media?parent=21061"}],"wp:term":[{"taxonomy":"category","embeddable":true,"href":"https:\/\/agora.xtec.cat\/esc-renaixencahostalets\/wp-json\/wp\/v2\/categories?post=21061"},{"taxonomy":"post_tag","embeddable":true,"href":"https:\/\/agora.xtec.cat\/esc-renaixencahostalets\/wp-json\/wp\/v2\/tags?post=21061"}],"curies":[{"name":"wp","href":"https:\/\/api.w.org\/{rel}","templated":true}]}}