{"id":21057,"date":"2024-02-08T16:57:29","date_gmt":"2024-02-08T15:57:29","guid":{"rendered":"https:\/\/agora.xtec.cat\/esc-renaixencahostalets\/?p=21057"},"modified":"2024-07-10T12:35:00","modified_gmt":"2024-07-10T10:35:00","slug":"preinscripcio-2024-25","status":"publish","type":"post","link":"https:\/\/agora.xtec.cat\/esc-renaixencahostalets\/general\/preinscripcio-2024-25\/","title":{"rendered":"Preinscripci\u00f3 2024\/25"},"content":{"rendered":"<p><img loading=\"lazy\" decoding=\"async\" class=\"alignnone wp-image-21074\" src=\"https:\/\/agora.xtec.cat\/esc-renaixencahostalets\/wp-content\/uploads\/usu1823\/2024\/02\/555x431-Text.jpg\" alt=\"\" width=\"108\" height=\"84\" srcset=\"https:\/\/agora.xtec.cat\/esc-renaixencahostalets\/wp-content\/uploads\/usu1823\/2024\/02\/555x431-Text.jpg 555w, https:\/\/agora.xtec.cat\/esc-renaixencahostalets\/wp-content\/uploads\/usu1823\/2024\/02\/555x431-Text-300x233.jpg 300w\" sizes=\"auto, (max-width: 108px) 100vw, 108px\" \/><\/p>\n<h4>CALENDARI:<\/h4>\n<ul>\n<li><strong>Presentaci\u00f3 de sol.licituds<\/strong>: Del 6 al 20 de mar\u00e7 de 2024 (a partir de les 9 hores)<\/li>\n<li><strong>Presentaci\u00f3 de documentaci\u00f3<\/strong>: fins al 22 de mar\u00e7 de 2024<\/li>\n<li><strong>Llista de sol.licituds amb la puntuaci\u00f3 provisional: <\/strong>17 d\u2019abril de 2024<\/li>\n<li><strong>Presentaci\u00f3 de reclamacions<\/strong>: del 17 al 22 d&#8217;abril de 2024<\/li>\n<li><strong>Llista de sol.licituds amb la puntuaci\u00f3 un cop resoltes les reclamacions<\/strong>: el 25 d&#8217;abril de 2024<\/li>\n<li><strong>Sorteig per resoldre les sol\u00b7licituds de preinscripci\u00f3 empatades en punts<\/strong>: 30 d&#8217;abril de 2024 a les 11 hores<\/li>\n<li><strong>Llista ordenada<\/strong>: 2 de maig de 2024<\/li>\n<li><strong>Ampliaci\u00f3 de peticions de preinscripci\u00f3 per a alumnes sense pla\u00e7a assignada a cap centre<\/strong>: Del 29 al 31 de maig de 2024<\/li>\n<li><strong>Oferta final de places escolars: <\/strong>7 de juny de 2024<\/li>\n<li><strong>Llista d\u2019alumnes admesos i llista d\u2019espera: <\/strong>10 de juny de 2024<\/li>\n<li><strong>Matriculaci\u00f3:<\/strong> Del 18 al 26 de juny de 2024<\/li>\n<\/ul>\n<p>&nbsp;<\/p>\n<p><strong>Consulta del proc\u00e9s<\/strong><\/p>\n<p><a href=\"https:\/\/preinscripcio.gencat.cat\/ca\/inici\/\" target=\"_blank\" rel=\"noopener\">https:\/\/preinscripcio.gencat.cat\/ca\/inici\/<\/a><\/p>\n<p><strong>Barems provisionals<\/strong><\/p>\n<p><a href=\"https:\/\/agora.xtec.cat\/esc-renaixencahostalets\/wp-content\/uploads\/usu1823\/2024\/02\/barems-provisional.pdf\" target=\"_blank\" rel=\"noopener\">barems provisionals<\/a><\/p>\n<p><strong>Barems resoltes les reclamacions<\/strong><\/p>\n<p><a href=\"https:\/\/agora.xtec.cat\/esc-renaixencahostalets\/wp-content\/uploads\/usu1823\/2024\/02\/INFORME_BAREM_RESOLTES_BAREM.pdf\">INFORME_BAREM_RESOLTES_BAREM<\/a><\/p>\n<p><strong>Barems ordenats per puntuaci\u00f3<\/strong><\/p>\n<p><a href=\"https:\/\/agora.xtec.cat\/esc-renaixencahostalets\/wp-content\/uploads\/usu1823\/2024\/02\/INFORME_BAREM_DEFINITIU_BAREM.pdf\">INFORME_BAREM_DEFINITIU_BAREM<\/a><\/p>\n<p><strong>Llistat d&#8217;alumnes admesos i llista d&#8217;espera<\/strong><\/p>\n<p><a href=\"https:\/\/agora.xtec.cat\/esc-renaixencahostalets\/wp-content\/uploads\/usu1823\/2024\/02\/INFORME_ALUMNES-ASSIGNATS.pdf\" target=\"_blank\" rel=\"noopener\">INFORME_ALUMNES ASSIGNATS<\/a><\/p>\n<p><a href=\"https:\/\/agora.xtec.cat\/esc-renaixencahostalets\/wp-content\/uploads\/usu1823\/2024\/02\/INFORME_LLISTA_ESPERA-1.pdf\" target=\"_blank\" rel=\"noopener\">INFORME_LLISTA_ESPERA<\/a><\/p>\n<p><a href=\"https:\/\/agora.xtec.cat\/esc-renaixencahostalets\/wp-content\/uploads\/usu1823\/2024\/02\/INFORME_PREINSCRITES_OME.pdf\" target=\"_blank\" rel=\"noopener\">INFORME_PREINSCRITES_OME<\/a><\/p>\n<p>&nbsp;<\/p>\n","protected":false},"excerpt":{"rendered":"<p>CALENDARI:<\/p>\n<ul>\n<li>Presentaci\u00f3 de sol.licituds: Del 6 al 20 de mar\u00e7 de 2024 (a partir de les 9 hores)<\/li>\n<li>Presentaci\u00f3 de documentaci\u00f3: fins al 22 de mar\u00e7 de 2024<\/li>\n<li>Llista de sol.licituds amb la puntuaci\u00f3 provisional: 17 d\u2019abril de 2024<\/li>\n<li>Presentaci\u00f3 de reclamacions: del 17 al 22 d&#8217;abril de 2024<\/li>\n<li>Llista&hellip;  <a href=\"https:\/\/agora.xtec.cat\/esc-renaixencahostalets\/general\/preinscripcio-2024-25\/\" title=\"Read Preinscripci\u00f3 2024\/25\">Llegeix m\u00e9s\u00bb<\/a><br \/>\n","protected":false},"author":5,"featured_media":21072,"comment_status":"open","ping_status":"closed","sticky":false,"template":"","format":"standard","meta":{"_bbp_topic_count":0,"_bbp_reply_count":0,"_bbp_total_topic_count":0,"_bbp_total_reply_count":0,"_bbp_voice_count":0,"_bbp_anonymous_reply_count":0,"_bbp_topic_count_hidden":0,"_bbp_reply_count_hidden":0,"_bbp_forum_subforum_count":0,"footnotes":""},"categories":[1,105],"tags":[],"class_list":["post-21057","post","type-post","status-publish","format-standard","has-post-thumbnail","hentry","category-general","category-preinscripcions"],"post_mailing_queue_ids":[],"_links":{"self":[{"href":"https:\/\/agora.xtec.cat\/esc-renaixencahostalets\/wp-json\/wp\/v2\/posts\/21057","targetHints":{"allow":["GET"]}}],"collection":[{"href":"https:\/\/agora.xtec.cat\/esc-renaixencahostalets\/wp-json\/wp\/v2\/posts"}],"about":[{"href":"https:\/\/agora.xtec.cat\/esc-renaixencahostalets\/wp-json\/wp\/v2\/types\/post"}],"author":[{"embeddable":true,"href":"https:\/\/agora.xtec.cat\/esc-renaixencahostalets\/wp-json\/wp\/v2\/users\/5"}],"replies":[{"embeddable":true,"href":"https:\/\/agora.xtec.cat\/esc-renaixencahostalets\/wp-json\/wp\/v2\/comments?post=21057"}],"version-history":[{"count":6,"href":"https:\/\/agora.xtec.cat\/esc-renaixencahostalets\/wp-json\/wp\/v2\/posts\/21057\/revisions"}],"predecessor-version":[{"id":21198,"href":"https:\/\/agora.xtec.cat\/esc-renaixencahostalets\/wp-json\/wp\/v2\/posts\/21057\/revisions\/21198"}],"wp:featuredmedia":[{"embeddable":true,"href":"https:\/\/agora.xtec.cat\/esc-renaixencahostalets\/wp-json\/wp\/v2\/media\/21072"}],"wp:attachment":[{"href":"https:\/\/agora.xtec.cat\/esc-renaixencahostalets\/wp-json\/wp\/v2\/media?parent=21057"}],"wp:term":[{"taxonomy":"category","embeddable":true,"href":"https:\/\/agora.xtec.cat\/esc-renaixencahostalets\/wp-json\/wp\/v2\/categories?post=21057"},{"taxonomy":"post_tag","embeddable":true,"href":"https:\/\/agora.xtec.cat\/esc-renaixencahostalets\/wp-json\/wp\/v2\/tags?post=21057"}],"curies":[{"name":"wp","href":"https:\/\/api.w.org\/{rel}","templated":true}]}}