{"id":21043,"date":"2024-01-30T10:22:50","date_gmt":"2024-01-30T09:22:50","guid":{"rendered":"https:\/\/agora.xtec.cat\/esc-renaixencahostalets\/?p=21043"},"modified":"2024-01-30T10:24:06","modified_gmt":"2024-01-30T09:24:06","slug":"setmana-tematica-dart-primaria","status":"publish","type":"post","link":"https:\/\/agora.xtec.cat\/esc-renaixencahostalets\/general\/setmana-tematica-dart-primaria\/","title":{"rendered":"SETMANA TEM\u00c0TICA D&#8217;ART (Prim\u00e0ria)"},"content":{"rendered":"<p>Durant la setmana del 8 al 12 de gener l&#8217;alumnat de prim\u00e0ria fa celebrar la primera setmana tem\u00e0tica d&#8217;Art. Durant aquests cinc dies els alumnes de primer a sis\u00e8 s&#8217;han barrejat i han treballat diferents artistes mitjan\u00e7ant una s\u00e8rie de propostes creatives.<\/p>\n<p>Cada dia van treballar un artista diferent.<\/p>\n<p>Els artistes treballats han estat:<\/p>\n<p>Mandy Barker<\/p>\n<p>Esther Stewart<\/p>\n<p>Alexander Calder<\/p>\n<p>Yayoi Kasuma<\/p>\n<p>Joan Brossa<\/p>\n<p>Aboudia<\/p>\n<p>Divendres el centre es va convertir en un MUSEU amb totes les produccions fetes.<\/p>\n<p>L&#8217;alumnat va poder gaudir molt d&#8217;una setmana exclusiva d&#8217;art compartint moments amb altres companys i companyes de l&#8217;Institut Escola.<\/p>\n<p><a href=\"https:\/\/agora.xtec.cat\/esc-renaixencahostalets\/wp-content\/uploads\/usu1823\/2024\/01\/3586A11E-DCE9-4252-B313-0FD2F32ECF82-Jessica-Biel.png\"><img loading=\"lazy\" decoding=\"async\" class=\"wp-image-21045 aligncenter\" src=\"https:\/\/agora.xtec.cat\/esc-renaixencahostalets\/wp-content\/uploads\/usu1823\/2024\/01\/3586A11E-DCE9-4252-B313-0FD2F32ECF82-Jessica-Biel.png\" alt=\"\" width=\"348\" height=\"261\" srcset=\"https:\/\/agora.xtec.cat\/esc-renaixencahostalets\/wp-content\/uploads\/usu1823\/2024\/01\/3586A11E-DCE9-4252-B313-0FD2F32ECF82-Jessica-Biel.png 1024w, https:\/\/agora.xtec.cat\/esc-renaixencahostalets\/wp-content\/uploads\/usu1823\/2024\/01\/3586A11E-DCE9-4252-B313-0FD2F32ECF82-Jessica-Biel-300x225.png 300w, https:\/\/agora.xtec.cat\/esc-renaixencahostalets\/wp-content\/uploads\/usu1823\/2024\/01\/3586A11E-DCE9-4252-B313-0FD2F32ECF82-Jessica-Biel-768x576.png 768w, https:\/\/agora.xtec.cat\/esc-renaixencahostalets\/wp-content\/uploads\/usu1823\/2024\/01\/3586A11E-DCE9-4252-B313-0FD2F32ECF82-Jessica-Biel-200x150.png 200w\" sizes=\"auto, (max-width: 348px) 100vw, 348px\" \/><\/a><\/p>\n","protected":false},"excerpt":{"rendered":"<p>Durant la setmana del 8 al 12 de gener l&#8217;alumnat de prim\u00e0ria fa celebrar la primera setmana tem\u00e0tica d&#8217;Art. Durant aquests cinc dies els alumnes de primer a sis\u00e8 s&#8217;han barrejat i han treballat diferents artistes mitjan\u00e7ant una s\u00e8rie de propostes creatives.<br \/>\nCada dia van treballar&hellip;  <a href=\"https:\/\/agora.xtec.cat\/esc-renaixencahostalets\/general\/setmana-tematica-dart-primaria\/\" title=\"Read SETMANA TEM\u00c0TICA D&#8217;ART (Prim\u00e0ria)\">Llegeix m\u00e9s\u00bb<\/a><\/p>\n","protected":false},"author":13,"featured_media":21045,"comment_status":"open","ping_status":"closed","sticky":false,"template":"","format":"standard","meta":{"_bbp_topic_count":0,"_bbp_reply_count":0,"_bbp_total_topic_count":0,"_bbp_total_reply_count":0,"_bbp_voice_count":0,"_bbp_anonymous_reply_count":0,"_bbp_topic_count_hidden":0,"_bbp_reply_count_hidden":0,"_bbp_forum_subforum_count":0,"footnotes":""},"categories":[10,11,12,13,14,15,1],"tags":[],"class_list":["post-21043","post","type-post","status-publish","format-standard","has-post-thumbnail","hentry","category-1r","category-2n","category-3r","category-4t","category-5e","category-6e","category-general"],"post_mailing_queue_ids":[],"_links":{"self":[{"href":"https:\/\/agora.xtec.cat\/esc-renaixencahostalets\/wp-json\/wp\/v2\/posts\/21043","targetHints":{"allow":["GET"]}}],"collection":[{"href":"https:\/\/agora.xtec.cat\/esc-renaixencahostalets\/wp-json\/wp\/v2\/posts"}],"about":[{"href":"https:\/\/agora.xtec.cat\/esc-renaixencahostalets\/wp-json\/wp\/v2\/types\/post"}],"author":[{"embeddable":true,"href":"https:\/\/agora.xtec.cat\/esc-renaixencahostalets\/wp-json\/wp\/v2\/users\/13"}],"replies":[{"embeddable":true,"href":"https:\/\/agora.xtec.cat\/esc-renaixencahostalets\/wp-json\/wp\/v2\/comments?post=21043"}],"version-history":[{"count":2,"href":"https:\/\/agora.xtec.cat\/esc-renaixencahostalets\/wp-json\/wp\/v2\/posts\/21043\/revisions"}],"predecessor-version":[{"id":21046,"href":"https:\/\/agora.xtec.cat\/esc-renaixencahostalets\/wp-json\/wp\/v2\/posts\/21043\/revisions\/21046"}],"wp:featuredmedia":[{"embeddable":true,"href":"https:\/\/agora.xtec.cat\/esc-renaixencahostalets\/wp-json\/wp\/v2\/media\/21045"}],"wp:attachment":[{"href":"https:\/\/agora.xtec.cat\/esc-renaixencahostalets\/wp-json\/wp\/v2\/media?parent=21043"}],"wp:term":[{"taxonomy":"category","embeddable":true,"href":"https:\/\/agora.xtec.cat\/esc-renaixencahostalets\/wp-json\/wp\/v2\/categories?post=21043"},{"taxonomy":"post_tag","embeddable":true,"href":"https:\/\/agora.xtec.cat\/esc-renaixencahostalets\/wp-json\/wp\/v2\/tags?post=21043"}],"curies":[{"name":"wp","href":"https:\/\/api.w.org\/{rel}","templated":true}]}}