{"id":21028,"date":"2023-12-14T18:15:57","date_gmt":"2023-12-14T17:15:57","guid":{"rendered":"https:\/\/agora.xtec.cat\/esc-renaixencahostalets\/?p=21028"},"modified":"2023-12-14T14:43:49","modified_gmt":"2023-12-14T13:43:49","slug":"sortida-al-teatre-nu","status":"publish","type":"post","link":"https:\/\/agora.xtec.cat\/esc-renaixencahostalets\/general\/sortida-al-teatre-nu\/","title":{"rendered":"SORTIDA AL TEATRE NU"},"content":{"rendered":"<p>Avui, 14 de desembre, l&#8217;alumnat de 5\u00e8 ha anat d&#8217;excursi\u00f3 a Sant Mart\u00ed de Tous per descobrir el m\u00f3n del teatre i preparar-se per l&#8217;obra de teatre que hauran d&#8217;elaborar i representar al finalitzar el projecte &#8220;Quina hist\u00f2ria&#8221;.<\/p>\n<p><span style=\"font-family: inherit; font-size: 1em;\">Han vist una obra titula &#8220;La maleta&#8221; adaptaci\u00f3 del llibre &#8220;La maleta&#8221; de N\u00faria Parera.\u00a0<\/span><\/p>\n<p><em><img loading=\"lazy\" decoding=\"async\" class=\"alignleft\" src=\"https:\/\/agora.xtec.cat\/esc-renaixencahostalets\/wp-content\/uploads\/usu1823\/2023\/12\/IMG_8652-scaled.jpg\" width=\"424\" height=\"318\" \/>Un carter arriba a la pla\u00e7a del poble i ens presenta la seva maleta. Un objecte preci\u00f3s que ha passat de m\u00e0 en m\u00e0 esdevenint el testimoni silenci\u00f3s de diferents vides del segle XX. Les col\u00f2nies t\u00e8xtils, la revoluci\u00f3 obrera, la guerra civil, l\u2019exili, el fes l\u2019amor i no la guerra, la caiguda del franquisme&#8230; i les migracions \u2013volgudes o no\u2013 que mai s\u2019aturen. Un espectacle que ens porta a reflexionar sobre la tend\u00e8ncia c\u00edclica de la hist\u00f2ria, que tendeix a repetir-se, com si no n\u2019aprengu\u00e9ssim mai prou.<\/em><\/p>\n<p>Ells i elles mateixos s&#8217;han pogut convertir en actors i actrius de l&#8217;obra. Despr\u00e9s han assistit a dos tallers, un de dramat\u00fargia i l&#8217;altre d&#8217;expressi\u00f3 corporal.<\/p>\n<p>Ha estat una jornada molt profitosa que ens servir\u00e0 a tots i totes per poder afrontar millor el repte que tenim per davant.<\/p>\n","protected":false},"excerpt":{"rendered":"<p>Avui, 14 de desembre, l&#8217;alumnat de 5\u00e8 ha anat d&#8217;excursi\u00f3 a Sant Mart\u00ed de Tous per descobrir el m\u00f3n del teatre i preparar-se per l&#8217;obra de teatre que hauran d&#8217;elaborar i representar al finalitzar el projecte &#8220;Quina hist\u00f2ria&#8221;.<br \/>\nHan vist una obra titula &#8220;La maleta&#8221; adaptaci\u00f3&hellip;  <a href=\"https:\/\/agora.xtec.cat\/esc-renaixencahostalets\/general\/sortida-al-teatre-nu\/\" title=\"Read SORTIDA AL TEATRE NU\">Llegeix m\u00e9s\u00bb<\/a><\/p>\n","protected":false},"author":13,"featured_media":21026,"comment_status":"open","ping_status":"closed","sticky":false,"template":"","format":"standard","meta":{"_bbp_topic_count":0,"_bbp_reply_count":0,"_bbp_total_topic_count":0,"_bbp_total_reply_count":0,"_bbp_voice_count":0,"_bbp_anonymous_reply_count":0,"_bbp_topic_count_hidden":0,"_bbp_reply_count_hidden":0,"_bbp_forum_subforum_count":0,"footnotes":""},"categories":[14,1],"tags":[],"class_list":["post-21028","post","type-post","status-publish","format-standard","has-post-thumbnail","hentry","category-5e","category-general"],"post_mailing_queue_ids":[],"_links":{"self":[{"href":"https:\/\/agora.xtec.cat\/esc-renaixencahostalets\/wp-json\/wp\/v2\/posts\/21028","targetHints":{"allow":["GET"]}}],"collection":[{"href":"https:\/\/agora.xtec.cat\/esc-renaixencahostalets\/wp-json\/wp\/v2\/posts"}],"about":[{"href":"https:\/\/agora.xtec.cat\/esc-renaixencahostalets\/wp-json\/wp\/v2\/types\/post"}],"author":[{"embeddable":true,"href":"https:\/\/agora.xtec.cat\/esc-renaixencahostalets\/wp-json\/wp\/v2\/users\/13"}],"replies":[{"embeddable":true,"href":"https:\/\/agora.xtec.cat\/esc-renaixencahostalets\/wp-json\/wp\/v2\/comments?post=21028"}],"version-history":[{"count":1,"href":"https:\/\/agora.xtec.cat\/esc-renaixencahostalets\/wp-json\/wp\/v2\/posts\/21028\/revisions"}],"predecessor-version":[{"id":21029,"href":"https:\/\/agora.xtec.cat\/esc-renaixencahostalets\/wp-json\/wp\/v2\/posts\/21028\/revisions\/21029"}],"wp:featuredmedia":[{"embeddable":true,"href":"https:\/\/agora.xtec.cat\/esc-renaixencahostalets\/wp-json\/wp\/v2\/media\/21026"}],"wp:attachment":[{"href":"https:\/\/agora.xtec.cat\/esc-renaixencahostalets\/wp-json\/wp\/v2\/media?parent=21028"}],"wp:term":[{"taxonomy":"category","embeddable":true,"href":"https:\/\/agora.xtec.cat\/esc-renaixencahostalets\/wp-json\/wp\/v2\/categories?post=21028"},{"taxonomy":"post_tag","embeddable":true,"href":"https:\/\/agora.xtec.cat\/esc-renaixencahostalets\/wp-json\/wp\/v2\/tags?post=21028"}],"curies":[{"name":"wp","href":"https:\/\/api.w.org\/{rel}","templated":true}]}}